{"id":160868,"date":"2020-03-28T14:46:05","date_gmt":"2020-03-28T17:46:05","guid":{"rendered":"http:\/\/www.caririemacao.com\/1\/?p=160868"},"modified":"2020-03-28T14:46:07","modified_gmt":"2020-03-28T17:46:07","slug":"conta-de-energia-nao-subira-em-abril-mas-veja-dicas-para-reduzir-a-sua-despesa","status":"publish","type":"post","link":"https:\/\/www.caririemacao.com\/1\/2020\/03\/28\/conta-de-energia-nao-subira-em-abril-mas-veja-dicas-para-reduzir-a-sua-despesa\/","title":{"rendered":"Conta de energia n\u00e3o subir\u00e1 em abril. Mas veja dicas para reduzir a sua despesa"},"content":{"rendered":"\n<p>Os consumidores n\u00e3o ter\u00e3o que pagar mais caro na conta de energia do m\u00eas de abril, anunciou nesta sexta-feira (27) a Aneel (Ag\u00eancia Nacional de Energia El\u00e9trica).<\/p>\n\n\n\n<p>A bandeira tarif\u00e1ria permanecer\u00e1 verde no pr\u00f3ximo m\u00eas, o que significa que h\u00e1 condi\u00e7\u00f5es favor\u00e1veis de gera\u00e7\u00e3o de energia e que, logo, a tarifa n\u00e3o tem acr\u00e9scimo.<\/p>\n\n\n\n<p>Este ser\u00e1 o terceiro m\u00eas consecutivo de bandeira verde. Em mar\u00e7o, diz a reguladora, os principais reservat\u00f3rios de hidrel\u00e9tricas tiveram recupera\u00e7\u00e3o de n\u00edveis em raz\u00e3o do volume de chuvas pr\u00f3ximo ao padr\u00e3o hist\u00f3rico do m\u00eas.<\/p>\n\n\n\n<p>Em abril, apesar de ser o in\u00edcio da transi\u00e7\u00e3o entre o per\u00edodo \u00famido e o seco, a previs\u00e3o \u00e9 de condi\u00e7\u00f5es hidrol\u00f3gicas favor\u00e1veis nas principais bacias, o que sinaliza continuidade da alta produ\u00e7\u00e3o das hidrel\u00e9tricas.<\/p>\n\n\n\n<p>A Aneel diz que considerou as novas previs\u00f5es de consumo de energia, em face das medidas de combate ao coronav\u00edrus, com indicativo de redu\u00e7\u00e3o da carga de energia em abril e maio.<\/p>\n\n\n\n<p>A perspectiva refletiu na redu\u00e7\u00e3o do pre\u00e7o de energia no mercado de curto prazo e dos custos relacionados ao risco hidrol\u00f3gico.<\/p>\n\n\n\n<figure class=\"wp-block-image\"><img decoding=\"async\" data-src=\"https:\/\/paraibaonline.com.br\/wp-content\/uploads\/2020\/01\/WhatsApp-Image-2020-01-20-at-14.23.56-1-519x417.jpeg\" alt=\"Foto: Ascom\" class=\"wp-image-831889 lazyload\" src=\"data:image\/svg+xml;base64,PHN2ZyB3aWR0aD0iMSIgaGVpZ2h0PSIxIiB4bWxucz0iaHR0cDovL3d3dy53My5vcmcvMjAwMC9zdmciPjwvc3ZnPg==\" style=\"--smush-placeholder-width: 519px; --smush-placeholder-aspect-ratio: 519\/417;\" \/><\/figure>\n\n\n\n<p>Foto: Ascom<\/p>\n\n\n\n<p><strong>SUSPENS\u00c3O DOS CORTES<\/strong><br>Na \u00faltima ter\u00e7a (24), a Aneel tamb\u00e9m anunciou a suspens\u00e3o, por 90 dias, da possibilidade de cortes no fornecimento de energia el\u00e9trica em caso de inadimpl\u00eancia do consumidor, tamb\u00e9m em decorr\u00eancia do coronav\u00edrus.<\/p>\n\n\n\n<p>A medida vale para distribuidoras de eletricidade de todo o pa\u00eds e foi tomada depois que alguns estados come\u00e7aram a levantar a possibilidade de adotar a medida de forma unilateral. Segundo a Aneel, a resolu\u00e7\u00e3o uniformiza o entendimento sobre o assunto e poder\u00e1 ser estendida ap\u00f3s o fim do prazo inicial.<\/p>\n\n\n\n<p>A ag\u00eancia pediu, por\u00e9m, que os consumidores que t\u00eam condi\u00e7\u00f5es mantenham os pagamentos, para ajudar a manter o funcionamento de toda a cadeia do setor el\u00e9trico e o pagamento do sal\u00e1rio dos funcion\u00e1rios das empresas.<\/p>\n\n\n\n<p>A manuten\u00e7\u00e3o da energia para os inadimplentes n\u00e3o significa que eles estejam isentos de pagar a conta de luz. Caso n\u00e3o o fa\u00e7am, estar\u00e3o sujeitos a multa e \u00e0 negativa\u00e7\u00e3o do nome.<\/p>\n\n\n\n<p>Dicas de economia de energia:<br>\u2013 Chuveiro el\u00e9trico<br>Tomar banhos mais curtos, de at\u00e9 cinco minutos<br>Selecionar a temperatura morna no ver\u00e3o<br>Verificar as pot\u00eancias no chuveiro e calcular seu consumo<br>\u2013 Ar condicionado<br>N\u00e3o deixar portas e janelas abertas em ambientes com ar condicionado<br>Manter os filtros limpos<br>Diminuir ao m\u00e1ximo o tempo de utiliza\u00e7\u00e3o do aparelho<br>Colocar cortinas nas janelas que recebem sol direto<br>\u2013 Geladeira<br>S\u00f3 deixar a porta da geladeira aberta o tempo que for necess\u00e1rio<br>Regular a temperatura interna de acordo com o manual de instru\u00e7\u00f5es<br>Nunca colocar alimentos quentes dentro da geladeira<br>Deixar espa\u00e7o para ventila\u00e7\u00e3o na parte de tr\u00e1s da geladeira e n\u00e3o utiliz\u00e1-la para secar panos<br>N\u00e3o forrar as prateleiras<br>Descongelar a geladeira e verificar as borrachas de veda\u00e7\u00e3o regularmente<br>\u2013 Ilumina\u00e7\u00e3o<br>Utilizar ilumina\u00e7\u00e3o natural ou l\u00e2mpadas econ\u00f4micas e apagar a luz ao sair de um c\u00f4modo<br>Pintar o ambiente com cores claras<br>\u2013 Ferro de passar<br>Juntar roupas para passar de uma s\u00f3 vez<br>Separar as roupas por tipo e come\u00e7ar por aquelas que exigem menor temperatura<br>Nunca deixe o ferro ligado enquanto faz outra coisa<br>\u2013 Aparelhos em stand-by<br>Retirar os aparelhos da tomada quando poss\u00edvel ou durante longas aus\u00eancias<\/p>\n\n\n\n<p>Fonte: Aneel (Ag\u00eancia Nacional de Energia El\u00e9trica)<\/p>\n","protected":false},"excerpt":{"rendered":"<p>Os consumidores n\u00e3o ter\u00e3o que pagar mais caro na conta de energia do m\u00eas de abril, anunciou nesta sexta-feira (27) a Aneel (Ag\u00eancia Nacional de&hellip; <\/p>\n","protected":false},"author":2,"featured_media":160869,"comment_status":"closed","ping_status":"closed","sticky":false,"template":"","format":"standard","meta":{"sfsi_plus_gutenberg_text_before_share":"","sfsi_plus_gutenberg_show_text_before_share":"","sfsi_plus_gutenberg_icon_type":"","sfsi_plus_gutenberg_icon_alignemt":"","sfsi_plus_gutenburg_max_per_row":"","footnotes":""},"categories":[2],"tags":[],"class_list":["post-160868","post","type-post","status-publish","format-standard","has-post-thumbnail","hentry","category-geral"],"_links":{"self":[{"href":"https:\/\/www.caririemacao.com\/1\/wp-json\/wp\/v2\/posts\/160868","targetHints":{"allow":["GET"]}}],"collection":[{"href":"https:\/\/www.caririemacao.com\/1\/wp-json\/wp\/v2\/posts"}],"about":[{"href":"https:\/\/www.caririemacao.com\/1\/wp-json\/wp\/v2\/types\/post"}],"author":[{"embeddable":true,"href":"https:\/\/www.caririemacao.com\/1\/wp-json\/wp\/v2\/users\/2"}],"replies":[{"embeddable":true,"href":"https:\/\/www.caririemacao.com\/1\/wp-json\/wp\/v2\/comments?post=160868"}],"version-history":[{"count":1,"href":"https:\/\/www.caririemacao.com\/1\/wp-json\/wp\/v2\/posts\/160868\/revisions"}],"predecessor-version":[{"id":160870,"href":"https:\/\/www.caririemacao.com\/1\/wp-json\/wp\/v2\/posts\/160868\/revisions\/160870"}],"wp:featuredmedia":[{"embeddable":true,"href":"https:\/\/www.caririemacao.com\/1\/wp-json\/wp\/v2\/media\/160869"}],"wp:attachment":[{"href":"https:\/\/www.caririemacao.com\/1\/wp-json\/wp\/v2\/media?parent=160868"}],"wp:term":[{"taxonomy":"category","embeddable":true,"href":"https:\/\/www.caririemacao.com\/1\/wp-json\/wp\/v2\/categories?post=160868"},{"taxonomy":"post_tag","embeddable":true,"href":"https:\/\/www.caririemacao.com\/1\/wp-json\/wp\/v2\/tags?post=160868"}],"curies":[{"name":"wp","href":"https:\/\/api.w.org\/{rel}","templated":true}]}}