{"id":160875,"date":"2020-03-28T14:49:08","date_gmt":"2020-03-28T17:49:08","guid":{"rendered":"http:\/\/www.caririemacao.com\/1\/?p=160875"},"modified":"2020-03-28T14:49:09","modified_gmt":"2020-03-28T17:49:09","slug":"no-cariri-acude-do-congo-passa-de-80-de-sua-capacidade","status":"publish","type":"post","link":"https:\/\/www.caririemacao.com\/1\/2020\/03\/28\/no-cariri-acude-do-congo-passa-de-80-de-sua-capacidade\/","title":{"rendered":"No Cariri: A\u00e7ude do Congo passa de 80% de sua capacidade"},"content":{"rendered":"\n<p>O A\u00e7ude Cordeiros, localizado no Munic\u00edpio do Congo, no Cariri paraibano j\u00e1 passou dos 80% de sua capacidade, faltando 1,10 cent\u00edmetros para sangrar.<\/p>\n\n\n\n<p>O prefeito do Congo, J\u00fanior Quirino, afirmou que o manancial j\u00e1 armazena uma m\u00e9dia de 68 milh\u00f5es de metros c\u00fabicos de \u00e1gua.<\/p>\n\n\n\n<p>O manancial \u00e9 respons\u00e1vel pelo abastecimento do Congo e outras cidades da regi\u00e3o do Cariri.<\/p>\n\n\n\n<p>A cidade do Congo fica distante 295 quil\u00f4metros da Capital Jo\u00e3o Pessoa.<\/p>\n\n\n\n<p><strong>Blog do Bruno Lira<\/strong><\/p>\n","protected":false},"excerpt":{"rendered":"<p>O A\u00e7ude Cordeiros, localizado no Munic\u00edpio do Congo, no Cariri paraibano j\u00e1 passou dos 80% de sua capacidade, faltando 1,10 cent\u00edmetros para sangrar. O prefeito&hellip; <\/p>\n","protected":false},"author":2,"featured_media":160876,"comment_status":"closed","ping_status":"closed","sticky":false,"template":"","format":"standard","meta":{"sfsi_plus_gutenberg_text_before_share":"","sfsi_plus_gutenberg_show_text_before_share":"","sfsi_plus_gutenberg_icon_type":"","sfsi_plus_gutenberg_icon_alignemt":"","sfsi_plus_gutenburg_max_per_row":"","footnotes":""},"categories":[6],"tags":[],"class_list":["post-160875","post","type-post","status-publish","format-standard","has-post-thumbnail","hentry","category-cidades"],"_links":{"self":[{"href":"https:\/\/www.caririemacao.com\/1\/wp-json\/wp\/v2\/posts\/160875","targetHints":{"allow":["GET"]}}],"collection":[{"href":"https:\/\/www.caririemacao.com\/1\/wp-json\/wp\/v2\/posts"}],"about":[{"href":"https:\/\/www.caririemacao.com\/1\/wp-json\/wp\/v2\/types\/post"}],"author":[{"embeddable":true,"href":"https:\/\/www.caririemacao.com\/1\/wp-json\/wp\/v2\/users\/2"}],"replies":[{"embeddable":true,"href":"https:\/\/www.caririemacao.com\/1\/wp-json\/wp\/v2\/comments?post=160875"}],"version-history":[{"count":1,"href":"https:\/\/www.caririemacao.com\/1\/wp-json\/wp\/v2\/posts\/160875\/revisions"}],"predecessor-version":[{"id":160877,"href":"https:\/\/www.caririemacao.com\/1\/wp-json\/wp\/v2\/posts\/160875\/revisions\/160877"}],"wp:featuredmedia":[{"embeddable":true,"href":"https:\/\/www.caririemacao.com\/1\/wp-json\/wp\/v2\/media\/160876"}],"wp:attachment":[{"href":"https:\/\/www.caririemacao.com\/1\/wp-json\/wp\/v2\/media?parent=160875"}],"wp:term":[{"taxonomy":"category","embeddable":true,"href":"https:\/\/www.caririemacao.com\/1\/wp-json\/wp\/v2\/categories?post=160875"},{"taxonomy":"post_tag","embeddable":true,"href":"https:\/\/www.caririemacao.com\/1\/wp-json\/wp\/v2\/tags?post=160875"}],"curies":[{"name":"wp","href":"https:\/\/api.w.org\/{rel}","templated":true}]}}