{"id":160884,"date":"2020-03-28T16:41:47","date_gmt":"2020-03-28T19:41:47","guid":{"rendered":"http:\/\/www.caririemacao.com\/1\/?p=160884"},"modified":"2020-03-28T16:42:21","modified_gmt":"2020-03-28T19:42:21","slug":"prefeitura-de-caraubas-intensifica-vacinacao-contra-gripe-nas-residencias-de-idosos-no-distrito-de-barreiras","status":"publish","type":"post","link":"https:\/\/www.caririemacao.com\/1\/2020\/03\/28\/prefeitura-de-caraubas-intensifica-vacinacao-contra-gripe-nas-residencias-de-idosos-no-distrito-de-barreiras\/","title":{"rendered":"Prefeitura de Cara\u00fabas intensifica vacina\u00e7\u00e3o contra gripe nas resid\u00eancias de idosos no distrito de Barreiras"},"content":{"rendered":"\n<p>A Secretaria de Sa\u00fade de Cara\u00fabas, por meio da dire\u00e7\u00e3o da UBS II Barreiras, informou que para evitar aglomera\u00e7\u00f5es, a vacina\u00e7\u00e3o contra gripe na Unidade B\u00e1sica de Sa\u00fade do Distrito de barreiras ocorrer\u00e1 nas casas dos idosos.<\/p>\n\n\n\n<figure class=\"wp-block-image size-large\"><img fetchpriority=\"high\" decoding=\"async\" width=\"960\" height=\"720\" src=\"http:\/\/www.caririemacao.com\/1\/wp-content\/uploads\/2020\/03\/91074943_1390126897839619_4678337442640560128_n.jpg\" alt=\"\" class=\"wp-image-160886\" srcset=\"https:\/\/www.caririemacao.com\/1\/wp-content\/uploads\/2020\/03\/91074943_1390126897839619_4678337442640560128_n.jpg 960w, https:\/\/www.caririemacao.com\/1\/wp-content\/uploads\/2020\/03\/91074943_1390126897839619_4678337442640560128_n-300x225.jpg 300w, https:\/\/www.caririemacao.com\/1\/wp-content\/uploads\/2020\/03\/91074943_1390126897839619_4678337442640560128_n-768x576.jpg 768w\" sizes=\"(max-width: 960px) 100vw, 960px\" \/><\/figure>\n\n\n\n<p>Segundo a dire\u00e7\u00e3o da UBS II, Claudiane Alves (Preta), a campanha de vacina\u00e7\u00e3o contra a gripe em Barreiras e s\u00edtios vizinhos sofreu uma altera\u00e7\u00e3o por causa da pandemia do novo coronav\u00edrus. Ao inv\u00e9s de os idosos irem at\u00e9 a unidade, agora, os profissionais de sa\u00fade \u00e9 que ir\u00e3o at\u00e9 a casa deles. <\/p>\n\n\n\n<p>\u201cNosso cronograma come\u00e7ou esta semana aqui no Distrito a\nequipe percorreu as ruas de Barreiras. Ao longo da campanha ser\u00e3o realizadas em\ntodas as \u00e1reas dos nossos ACS. A medida \u00e9 uma necessidade diante das\norienta\u00e7\u00f5es para evitar aglomera\u00e7\u00f5es e o contato de idosos com outras pessoas,\na\u00e7\u00e3o mais eficaz no combate \u00e0 prolifera\u00e7\u00e3o do v\u00edrus\u201d, informou a diretora.<\/p>\n","protected":false},"excerpt":{"rendered":"<p>A Secretaria de Sa\u00fade de Cara\u00fabas, por meio da dire\u00e7\u00e3o da UBS II Barreiras, informou que para evitar aglomera\u00e7\u00f5es, a vacina\u00e7\u00e3o contra gripe na Unidade&hellip; <\/p>\n","protected":false},"author":1,"featured_media":160885,"comment_status":"closed","ping_status":"closed","sticky":false,"template":"","format":"standard","meta":{"sfsi_plus_gutenberg_text_before_share":"","sfsi_plus_gutenberg_show_text_before_share":"","sfsi_plus_gutenberg_icon_type":"","sfsi_plus_gutenberg_icon_alignemt":"","sfsi_plus_gutenburg_max_per_row":"","footnotes":""},"categories":[6,50],"tags":[],"class_list":["post-160884","post","type-post","status-publish","format-standard","has-post-thumbnail","hentry","category-cidades","category-destaque"],"_links":{"self":[{"href":"https:\/\/www.caririemacao.com\/1\/wp-json\/wp\/v2\/posts\/160884","targetHints":{"allow":["GET"]}}],"collection":[{"href":"https:\/\/www.caririemacao.com\/1\/wp-json\/wp\/v2\/posts"}],"about":[{"href":"https:\/\/www.caririemacao.com\/1\/wp-json\/wp\/v2\/types\/post"}],"author":[{"embeddable":true,"href":"https:\/\/www.caririemacao.com\/1\/wp-json\/wp\/v2\/users\/1"}],"replies":[{"embeddable":true,"href":"https:\/\/www.caririemacao.com\/1\/wp-json\/wp\/v2\/comments?post=160884"}],"version-history":[{"count":2,"href":"https:\/\/www.caririemacao.com\/1\/wp-json\/wp\/v2\/posts\/160884\/revisions"}],"predecessor-version":[{"id":160888,"href":"https:\/\/www.caririemacao.com\/1\/wp-json\/wp\/v2\/posts\/160884\/revisions\/160888"}],"wp:featuredmedia":[{"embeddable":true,"href":"https:\/\/www.caririemacao.com\/1\/wp-json\/wp\/v2\/media\/160885"}],"wp:attachment":[{"href":"https:\/\/www.caririemacao.com\/1\/wp-json\/wp\/v2\/media?parent=160884"}],"wp:term":[{"taxonomy":"category","embeddable":true,"href":"https:\/\/www.caririemacao.com\/1\/wp-json\/wp\/v2\/categories?post=160884"},{"taxonomy":"post_tag","embeddable":true,"href":"https:\/\/www.caririemacao.com\/1\/wp-json\/wp\/v2\/tags?post=160884"}],"curies":[{"name":"wp","href":"https:\/\/api.w.org\/{rel}","templated":true}]}}