{"id":160889,"date":"2020-03-28T16:52:40","date_gmt":"2020-03-28T19:52:40","guid":{"rendered":"http:\/\/www.caririemacao.com\/1\/?p=160889"},"modified":"2020-03-28T16:52:41","modified_gmt":"2020-03-28T19:52:41","slug":"camara-de-caraubas-adota-medidas-contra-o-covid-19","status":"publish","type":"post","link":"https:\/\/www.caririemacao.com\/1\/2020\/03\/28\/camara-de-caraubas-adota-medidas-contra-o-covid-19\/","title":{"rendered":"C\u00e2mara de Cara\u00fabas adota medidas contra o COVID 19"},"content":{"rendered":"\n<p>A C\u00e2mara Municipal de Cara\u00fabas, atrav\u00e9s de sua presid\u00eancia,\nvem ao p\u00fablico informar que considerando as necessidades e urgentes medidas\nlocais e globais de controle do avan\u00e7o do coronav\u00edrus, restringiu deste a\n\u00faltima ter\u00e7a-feira, dia 24\/03\/2020, suas atividades legislativas, especialmente\naquelas que promovam aglomera\u00e7\u00f5es.<\/p>\n\n\n\n<p>O presidente Jos\u00e9 Franconero, atrav\u00e9s deste ato, suspendeu,\npor per\u00edodo inicial de 15 (quinze) dias, com a possibilidade de prorroga\u00e7\u00e3o da\nmedida, a realiza\u00e7\u00e3o de Sess\u00f5es de qualquer natureza, seja ordin\u00e1ria, solene,\nespecial ou extraordin\u00e1ria, a realiza\u00e7\u00e3o de audi\u00eancias p\u00fablicas nas\ndepend\u00eancias do Legislativo, de modo que as audi\u00eancias j\u00e1 agendadas ser\u00e3o\ncanceladas e remarcadas.<\/p>\n\n\n\n<p>Ele informou que ainda ficar\u00e1 suspensa por per\u00edodo inicial\nde 15 (quinze) dias, com a possibilidade de prorroga\u00e7\u00e3o da medida, o uso dos\naudit\u00f3rio\/plen\u00e1rio, salas de reuni\u00f5es gabinete da presid\u00eancia e demais\nreparti\u00e7\u00f5es da c\u00e2mara de vereadores de Cara\u00fabas\/PB.<\/p>\n\n\n\n<p>Nero acrescentou dizendo que a C\u00e2mara Municipal de\nCara\u00fabas\/PB est\u00e1 refor\u00e7ando as medidas preventivas de controle da pandemia,\ncomo uso de \u00e1lcool em gel e materiais descart\u00e1veis, como toalhas de papel,\nutilizados na higieniza\u00e7\u00e3o de m\u00e3os e rosto.<\/p>\n\n\n\n<p>\u201cCom a compreens\u00e3o e colabora\u00e7\u00e3o de todos, certamente vamos\ncontrolar de r\u00e1pida e efici\u00eancia o avan\u00e7o do coronav\u00edrus em nossa cidade\u201d, finalizou\nJos\u00e9 Franconero, presidente da C\u00e2mara.<\/p>\n","protected":false},"excerpt":{"rendered":"<p>A C\u00e2mara Municipal de Cara\u00fabas, atrav\u00e9s de sua presid\u00eancia, vem ao p\u00fablico informar que considerando as necessidades e urgentes medidas locais e globais de controle&hellip; <\/p>\n","protected":false},"author":1,"featured_media":160890,"comment_status":"closed","ping_status":"closed","sticky":false,"template":"","format":"standard","meta":{"sfsi_plus_gutenberg_text_before_share":"","sfsi_plus_gutenberg_show_text_before_share":"","sfsi_plus_gutenberg_icon_type":"","sfsi_plus_gutenberg_icon_alignemt":"","sfsi_plus_gutenburg_max_per_row":"","footnotes":""},"categories":[6,50],"tags":[],"class_list":["post-160889","post","type-post","status-publish","format-standard","has-post-thumbnail","hentry","category-cidades","category-destaque"],"_links":{"self":[{"href":"https:\/\/www.caririemacao.com\/1\/wp-json\/wp\/v2\/posts\/160889","targetHints":{"allow":["GET"]}}],"collection":[{"href":"https:\/\/www.caririemacao.com\/1\/wp-json\/wp\/v2\/posts"}],"about":[{"href":"https:\/\/www.caririemacao.com\/1\/wp-json\/wp\/v2\/types\/post"}],"author":[{"embeddable":true,"href":"https:\/\/www.caririemacao.com\/1\/wp-json\/wp\/v2\/users\/1"}],"replies":[{"embeddable":true,"href":"https:\/\/www.caririemacao.com\/1\/wp-json\/wp\/v2\/comments?post=160889"}],"version-history":[{"count":1,"href":"https:\/\/www.caririemacao.com\/1\/wp-json\/wp\/v2\/posts\/160889\/revisions"}],"predecessor-version":[{"id":160891,"href":"https:\/\/www.caririemacao.com\/1\/wp-json\/wp\/v2\/posts\/160889\/revisions\/160891"}],"wp:featuredmedia":[{"embeddable":true,"href":"https:\/\/www.caririemacao.com\/1\/wp-json\/wp\/v2\/media\/160890"}],"wp:attachment":[{"href":"https:\/\/www.caririemacao.com\/1\/wp-json\/wp\/v2\/media?parent=160889"}],"wp:term":[{"taxonomy":"category","embeddable":true,"href":"https:\/\/www.caririemacao.com\/1\/wp-json\/wp\/v2\/categories?post=160889"},{"taxonomy":"post_tag","embeddable":true,"href":"https:\/\/www.caririemacao.com\/1\/wp-json\/wp\/v2\/tags?post=160889"}],"curies":[{"name":"wp","href":"https:\/\/api.w.org\/{rel}","templated":true}]}}