{"id":160892,"date":"2020-03-28T17:08:32","date_gmt":"2020-03-28T20:08:32","guid":{"rendered":"http:\/\/www.caririemacao.com\/1\/?p=160892"},"modified":"2020-03-28T17:08:33","modified_gmt":"2020-03-28T20:08:33","slug":"familias-ourovelhenses-receberam-cestas-basicas-em-suas-residencias","status":"publish","type":"post","link":"https:\/\/www.caririemacao.com\/1\/2020\/03\/28\/familias-ourovelhenses-receberam-cestas-basicas-em-suas-residencias\/","title":{"rendered":"Fam\u00edlias ourovelhenses receberam cestas b\u00e1sicas em suas resid\u00eancias"},"content":{"rendered":"\n<p>A prefeita Nat\u00e1lia de Dr. J\u00fanior sensibilizada com a situa\u00e7\u00e3o das fam\u00edlias que mais precisam neste momento dif\u00edcil, e dando continuidade a tradicional entrega de cestas b\u00e1sicas antes da Semana Santa, realizou nessa sexta-feira, dia 27,  a entrega de cestas b\u00e1sicas aos benefici\u00e1rios do bolsa Fam\u00edlia. <\/p>\n\n\n\n<figure class=\"wp-block-image size-large\"><img fetchpriority=\"high\" decoding=\"async\" width=\"1024\" height=\"768\" src=\"http:\/\/www.caririemacao.com\/1\/wp-content\/uploads\/2020\/03\/4.jpg\" alt=\"\" class=\"wp-image-160893\" srcset=\"https:\/\/www.caririemacao.com\/1\/wp-content\/uploads\/2020\/03\/4.jpg 1024w, https:\/\/www.caririemacao.com\/1\/wp-content\/uploads\/2020\/03\/4-300x225.jpg 300w, https:\/\/www.caririemacao.com\/1\/wp-content\/uploads\/2020\/03\/4-768x576.jpg 768w\" sizes=\"(max-width: 1024px) 100vw, 1024px\" \/><\/figure>\n\n\n\n<p>A entrega foi feita pela Secretaria de A\u00e7\u00e3o Social  nas casas das fam\u00edlias cadastradas no Programa Bolsa Fam\u00edlia para evitar aglomera\u00e7\u00f5es, respeitando as recomenda\u00e7\u00f5es da OMS.<\/p>\n\n\n\n<p>\u201cFazem exatamente 8 anos consecutivos. Desde 2013 que essa\na\u00e7\u00e3o \u00e9 feita na v\u00e9spera da semana santa. Parab\u00e9ns a Prefeita Nat\u00e1lia, vice Ike\ne toda equipe de Governo pelo empenho e dedica\u00e7\u00e3o com aqueles que mais precisam.\nAvante!!!\u201d, comentou a secret\u00e1ria Aline Lucena.<\/p>\n","protected":false},"excerpt":{"rendered":"<p>A prefeita Nat\u00e1lia de Dr. J\u00fanior sensibilizada com a situa\u00e7\u00e3o das fam\u00edlias que mais precisam neste momento dif\u00edcil, e dando continuidade a tradicional entrega de&hellip; <\/p>\n","protected":false},"author":1,"featured_media":160894,"comment_status":"closed","ping_status":"closed","sticky":false,"template":"","format":"standard","meta":{"sfsi_plus_gutenberg_text_before_share":"","sfsi_plus_gutenberg_show_text_before_share":"","sfsi_plus_gutenberg_icon_type":"","sfsi_plus_gutenberg_icon_alignemt":"","sfsi_plus_gutenburg_max_per_row":"","footnotes":""},"categories":[6,50],"tags":[],"class_list":["post-160892","post","type-post","status-publish","format-standard","has-post-thumbnail","hentry","category-cidades","category-destaque"],"_links":{"self":[{"href":"https:\/\/www.caririemacao.com\/1\/wp-json\/wp\/v2\/posts\/160892","targetHints":{"allow":["GET"]}}],"collection":[{"href":"https:\/\/www.caririemacao.com\/1\/wp-json\/wp\/v2\/posts"}],"about":[{"href":"https:\/\/www.caririemacao.com\/1\/wp-json\/wp\/v2\/types\/post"}],"author":[{"embeddable":true,"href":"https:\/\/www.caririemacao.com\/1\/wp-json\/wp\/v2\/users\/1"}],"replies":[{"embeddable":true,"href":"https:\/\/www.caririemacao.com\/1\/wp-json\/wp\/v2\/comments?post=160892"}],"version-history":[{"count":1,"href":"https:\/\/www.caririemacao.com\/1\/wp-json\/wp\/v2\/posts\/160892\/revisions"}],"predecessor-version":[{"id":160895,"href":"https:\/\/www.caririemacao.com\/1\/wp-json\/wp\/v2\/posts\/160892\/revisions\/160895"}],"wp:featuredmedia":[{"embeddable":true,"href":"https:\/\/www.caririemacao.com\/1\/wp-json\/wp\/v2\/media\/160894"}],"wp:attachment":[{"href":"https:\/\/www.caririemacao.com\/1\/wp-json\/wp\/v2\/media?parent=160892"}],"wp:term":[{"taxonomy":"category","embeddable":true,"href":"https:\/\/www.caririemacao.com\/1\/wp-json\/wp\/v2\/categories?post=160892"},{"taxonomy":"post_tag","embeddable":true,"href":"https:\/\/www.caririemacao.com\/1\/wp-json\/wp\/v2\/tags?post=160892"}],"curies":[{"name":"wp","href":"https:\/\/api.w.org\/{rel}","templated":true}]}}