{"id":160896,"date":"2020-03-28T17:26:02","date_gmt":"2020-03-28T20:26:02","guid":{"rendered":"http:\/\/www.caririemacao.com\/1\/?p=160896"},"modified":"2020-03-28T17:26:06","modified_gmt":"2020-03-28T20:26:06","slug":"ouro-velho-registra-1o-caso-suspeito-de-covid-19","status":"publish","type":"post","link":"https:\/\/www.caririemacao.com\/1\/2020\/03\/28\/ouro-velho-registra-1o-caso-suspeito-de-covid-19\/","title":{"rendered":"Ouro Velho registra 1\u00ba caso suspeito de COVID 19"},"content":{"rendered":"\n<p>A cidade de Ouro Velho registra o primeiro caso suspeito do Covid 19 em um idoso que tem diabete e hipertens\u00e3o. <\/p>\n\n\n\n<p>O senhor est\u00e1 apresentando um quadro de insufici\u00eancia respirat\u00f3ria aguda e febre. O paciente foi transferido para o Hospital Santa Filomena em Monteiro.<\/p>\n\n\n\n<p>O m\u00e9dico Dr. J\u00fanior disse que \u00e9 um caso suspeito por isso foi transferido para fazer exames. \u201cEu n\u00e3o estou dizendo aqui que o paciente est\u00e1 com coronav\u00edrus, estou falando que o caso \u00e9 suspeito e ser\u00e1 notificado. Deixo bem claro aqui minhas palavras que o diagn\u00f3stico s\u00f3 confirma com exames\u201d, explicou.<\/p>\n\n\n\n<p>Dr. J\u00fanior pede que aos fam\u00edlias deste idoso e as pessoas\nque tiveram contato, por enquanto que se faz o exame deve ficar em\nquarentena.&nbsp; <\/p>\n","protected":false},"excerpt":{"rendered":"<p>A cidade de Ouro Velho registra o primeiro caso suspeito do Covid 19 em um idoso que tem diabete e hipertens\u00e3o. O senhor est\u00e1 apresentando&hellip; <\/p>\n","protected":false},"author":1,"featured_media":26330,"comment_status":"closed","ping_status":"closed","sticky":false,"template":"","format":"standard","meta":{"sfsi_plus_gutenberg_text_before_share":"","sfsi_plus_gutenberg_show_text_before_share":"","sfsi_plus_gutenberg_icon_type":"","sfsi_plus_gutenberg_icon_alignemt":"","sfsi_plus_gutenburg_max_per_row":"","footnotes":""},"categories":[50,16],"tags":[],"class_list":["post-160896","post","type-post","status-publish","format-standard","has-post-thumbnail","hentry","category-destaque","category-saude"],"_links":{"self":[{"href":"https:\/\/www.caririemacao.com\/1\/wp-json\/wp\/v2\/posts\/160896","targetHints":{"allow":["GET"]}}],"collection":[{"href":"https:\/\/www.caririemacao.com\/1\/wp-json\/wp\/v2\/posts"}],"about":[{"href":"https:\/\/www.caririemacao.com\/1\/wp-json\/wp\/v2\/types\/post"}],"author":[{"embeddable":true,"href":"https:\/\/www.caririemacao.com\/1\/wp-json\/wp\/v2\/users\/1"}],"replies":[{"embeddable":true,"href":"https:\/\/www.caririemacao.com\/1\/wp-json\/wp\/v2\/comments?post=160896"}],"version-history":[{"count":1,"href":"https:\/\/www.caririemacao.com\/1\/wp-json\/wp\/v2\/posts\/160896\/revisions"}],"predecessor-version":[{"id":160897,"href":"https:\/\/www.caririemacao.com\/1\/wp-json\/wp\/v2\/posts\/160896\/revisions\/160897"}],"wp:featuredmedia":[{"embeddable":true,"href":"https:\/\/www.caririemacao.com\/1\/wp-json\/wp\/v2\/media\/26330"}],"wp:attachment":[{"href":"https:\/\/www.caririemacao.com\/1\/wp-json\/wp\/v2\/media?parent=160896"}],"wp:term":[{"taxonomy":"category","embeddable":true,"href":"https:\/\/www.caririemacao.com\/1\/wp-json\/wp\/v2\/categories?post=160896"},{"taxonomy":"post_tag","embeddable":true,"href":"https:\/\/www.caririemacao.com\/1\/wp-json\/wp\/v2\/tags?post=160896"}],"curies":[{"name":"wp","href":"https:\/\/api.w.org\/{rel}","templated":true}]}}