{"id":160898,"date":"2020-03-28T17:40:03","date_gmt":"2020-03-28T20:40:03","guid":{"rendered":"http:\/\/www.caririemacao.com\/1\/?p=160898"},"modified":"2020-03-28T17:40:05","modified_gmt":"2020-03-28T20:40:05","slug":"amparenses-arrecadam-doacoes-para-as-vitimas-das-enchentes-em-ss-umbuzeiro-e-afogados-da-ingazeira","status":"publish","type":"post","link":"https:\/\/www.caririemacao.com\/1\/2020\/03\/28\/amparenses-arrecadam-doacoes-para-as-vitimas-das-enchentes-em-ss-umbuzeiro-e-afogados-da-ingazeira\/","title":{"rendered":"Amparenses arrecadam doa\u00e7\u00f5es para as v\u00edtimas das enchentes em SS Umbuzeiro e Afogados da Ingazeira"},"content":{"rendered":"\n<p>A solidariedade vem tomando conta das pessoas que est\u00e3o sensibilizadas com as fam\u00edlias que foram afetadas com as enchentes ocorrida nestes \u00faltimos dias nas cidades de S\u00e3o Sebasti\u00e3o do Umbuzeiro\/PB e Afogados da Ingazeira\/PE.<\/p>\n\n\n\n<p>A cidade de Amparo vem dando exemplo atrav\u00e9s de Bidola e Merencio que realizaram uma grande arrecada\u00e7\u00e3o de alimentos, roupas e m\u00f3veis que ser\u00e3o doadas as fam\u00edlias dessas cidades afetadas pelas enchentes.<\/p>\n\n\n\n<figure class=\"wp-block-image size-large\"><img fetchpriority=\"high\" decoding=\"async\" width=\"1024\" height=\"768\" src=\"http:\/\/www.caririemacao.com\/1\/wp-content\/uploads\/2020\/03\/WhatsApp-Image-2020-03-28-at-14.00.29-1-1024x768.jpeg\" alt=\"\" class=\"wp-image-160899\" srcset=\"https:\/\/www.caririemacao.com\/1\/wp-content\/uploads\/2020\/03\/WhatsApp-Image-2020-03-28-at-14.00.29-1-1024x768.jpeg 1024w, https:\/\/www.caririemacao.com\/1\/wp-content\/uploads\/2020\/03\/WhatsApp-Image-2020-03-28-at-14.00.29-1-300x225.jpeg 300w, https:\/\/www.caririemacao.com\/1\/wp-content\/uploads\/2020\/03\/WhatsApp-Image-2020-03-28-at-14.00.29-1-768x576.jpeg 768w, https:\/\/www.caririemacao.com\/1\/wp-content\/uploads\/2020\/03\/WhatsApp-Image-2020-03-28-at-14.00.29-1.jpeg 1280w\" sizes=\"(max-width: 1024px) 100vw, 1024px\" \/><\/figure>\n\n\n\n<p>Segundo Bidola, foi enviado um caminh\u00e3o cheio de doa\u00e7\u00f5es feitas pelos amparenses, e ainda nesta pr\u00f3xima semana ser\u00e3o enviadas outras doa\u00e7\u00f5es para S\u00e3o Sebasti\u00e3o do Umbuzeiro.<\/p>\n\n\n\n<p>\u201cEstamos fazendo nossa parte como seres humanos. Vamos ajudar nossos irm\u00e3os que tanto precisam de n\u00f3s. Agrade\u00e7o a todos os amparenses que ajudaram. Muito obrigado pelo gesto bonito demostrado nesta campanha\u201d, comentou Bidola.<\/p>\n","protected":false},"excerpt":{"rendered":"<p>A solidariedade vem tomando conta das pessoas que est\u00e3o sensibilizadas com as fam\u00edlias que foram afetadas com as enchentes ocorrida nestes \u00faltimos dias nas cidades&hellip; <\/p>\n","protected":false},"author":1,"featured_media":160900,"comment_status":"closed","ping_status":"closed","sticky":false,"template":"","format":"standard","meta":{"sfsi_plus_gutenberg_text_before_share":"","sfsi_plus_gutenberg_show_text_before_share":"","sfsi_plus_gutenberg_icon_type":"","sfsi_plus_gutenberg_icon_alignemt":"","sfsi_plus_gutenburg_max_per_row":"","footnotes":""},"categories":[50,2],"tags":[],"class_list":["post-160898","post","type-post","status-publish","format-standard","has-post-thumbnail","hentry","category-destaque","category-geral"],"_links":{"self":[{"href":"https:\/\/www.caririemacao.com\/1\/wp-json\/wp\/v2\/posts\/160898","targetHints":{"allow":["GET"]}}],"collection":[{"href":"https:\/\/www.caririemacao.com\/1\/wp-json\/wp\/v2\/posts"}],"about":[{"href":"https:\/\/www.caririemacao.com\/1\/wp-json\/wp\/v2\/types\/post"}],"author":[{"embeddable":true,"href":"https:\/\/www.caririemacao.com\/1\/wp-json\/wp\/v2\/users\/1"}],"replies":[{"embeddable":true,"href":"https:\/\/www.caririemacao.com\/1\/wp-json\/wp\/v2\/comments?post=160898"}],"version-history":[{"count":1,"href":"https:\/\/www.caririemacao.com\/1\/wp-json\/wp\/v2\/posts\/160898\/revisions"}],"predecessor-version":[{"id":160901,"href":"https:\/\/www.caririemacao.com\/1\/wp-json\/wp\/v2\/posts\/160898\/revisions\/160901"}],"wp:featuredmedia":[{"embeddable":true,"href":"https:\/\/www.caririemacao.com\/1\/wp-json\/wp\/v2\/media\/160900"}],"wp:attachment":[{"href":"https:\/\/www.caririemacao.com\/1\/wp-json\/wp\/v2\/media?parent=160898"}],"wp:term":[{"taxonomy":"category","embeddable":true,"href":"https:\/\/www.caririemacao.com\/1\/wp-json\/wp\/v2\/categories?post=160898"},{"taxonomy":"post_tag","embeddable":true,"href":"https:\/\/www.caririemacao.com\/1\/wp-json\/wp\/v2\/tags?post=160898"}],"curies":[{"name":"wp","href":"https:\/\/api.w.org\/{rel}","templated":true}]}}