{"id":160902,"date":"2020-03-28T17:44:23","date_gmt":"2020-03-28T20:44:23","guid":{"rendered":"http:\/\/www.caririemacao.com\/1\/?p=160902"},"modified":"2020-03-28T17:44:24","modified_gmt":"2020-03-28T20:44:24","slug":"homem-sofre-tentativa-de-homicidio-na-zona-rural-de-monteiro","status":"publish","type":"post","link":"https:\/\/www.caririemacao.com\/1\/2020\/03\/28\/homem-sofre-tentativa-de-homicidio-na-zona-rural-de-monteiro\/","title":{"rendered":"Homem sofre tentativa de homic\u00eddio na zona rural de Monteiro"},"content":{"rendered":"\n<p>Um homem de 55 anos sofreu uma tentativa de homic\u00eddio na tarde deste s\u00e1bado (28) em\u00a0Monteiro\u00a0no Cariri Paraibano.<\/p>\n\n\n\n<p>Segundo informa\u00e7\u00f5es, a v\u00edtima foi atingida por disparos de arma de fogo, o caso aconteceu no sitio Cacimba de Cima.<\/p>\n\n\n\n<p>Uma equipe do Servi\u00e7o de Atendimento M\u00f3vel SAMU, prestou socorro e levou a v\u00edtima para o Hospital Regional de Monteiro. O estado de sa\u00fade do homem \u00e9 grave. A Pol\u00edcia vai investigar o caso.<\/p>\n\n\n\n<p>OPIPOCO<\/p>\n","protected":false},"excerpt":{"rendered":"<p>Um homem de 55 anos sofreu uma tentativa de homic\u00eddio na tarde deste s\u00e1bado (28) em\u00a0Monteiro\u00a0no Cariri Paraibano. Segundo informa\u00e7\u00f5es, a v\u00edtima foi atingida por&hellip; <\/p>\n","protected":false},"author":1,"featured_media":88728,"comment_status":"closed","ping_status":"closed","sticky":false,"template":"","format":"standard","meta":{"sfsi_plus_gutenberg_text_before_share":"","sfsi_plus_gutenberg_show_text_before_share":"","sfsi_plus_gutenberg_icon_type":"","sfsi_plus_gutenberg_icon_alignemt":"","sfsi_plus_gutenburg_max_per_row":"","footnotes":""},"categories":[50,12],"tags":[],"class_list":["post-160902","post","type-post","status-publish","format-standard","has-post-thumbnail","hentry","category-destaque","category-policia"],"_links":{"self":[{"href":"https:\/\/www.caririemacao.com\/1\/wp-json\/wp\/v2\/posts\/160902","targetHints":{"allow":["GET"]}}],"collection":[{"href":"https:\/\/www.caririemacao.com\/1\/wp-json\/wp\/v2\/posts"}],"about":[{"href":"https:\/\/www.caririemacao.com\/1\/wp-json\/wp\/v2\/types\/post"}],"author":[{"embeddable":true,"href":"https:\/\/www.caririemacao.com\/1\/wp-json\/wp\/v2\/users\/1"}],"replies":[{"embeddable":true,"href":"https:\/\/www.caririemacao.com\/1\/wp-json\/wp\/v2\/comments?post=160902"}],"version-history":[{"count":1,"href":"https:\/\/www.caririemacao.com\/1\/wp-json\/wp\/v2\/posts\/160902\/revisions"}],"predecessor-version":[{"id":160903,"href":"https:\/\/www.caririemacao.com\/1\/wp-json\/wp\/v2\/posts\/160902\/revisions\/160903"}],"wp:featuredmedia":[{"embeddable":true,"href":"https:\/\/www.caririemacao.com\/1\/wp-json\/wp\/v2\/media\/88728"}],"wp:attachment":[{"href":"https:\/\/www.caririemacao.com\/1\/wp-json\/wp\/v2\/media?parent=160902"}],"wp:term":[{"taxonomy":"category","embeddable":true,"href":"https:\/\/www.caririemacao.com\/1\/wp-json\/wp\/v2\/categories?post=160902"},{"taxonomy":"post_tag","embeddable":true,"href":"https:\/\/www.caririemacao.com\/1\/wp-json\/wp\/v2\/tags?post=160902"}],"curies":[{"name":"wp","href":"https:\/\/api.w.org\/{rel}","templated":true}]}}