{"id":160906,"date":"2020-03-28T22:39:31","date_gmt":"2020-03-29T01:39:31","guid":{"rendered":"http:\/\/www.caririemacao.com\/1\/?p=160906"},"modified":"2020-03-28T22:39:32","modified_gmt":"2020-03-29T01:39:32","slug":"policia-militar-recupera-moto-roubada-em-monteiro","status":"publish","type":"post","link":"https:\/\/www.caririemacao.com\/1\/2020\/03\/28\/policia-militar-recupera-moto-roubada-em-monteiro\/","title":{"rendered":"Pol\u00edcia Militar recupera moto roubada em Monteiro"},"content":{"rendered":"\n<p>A Pol\u00edcia Militar recuperou uma motocicleta furtada e prendeu um suspeito em Monteiro. A a\u00e7\u00e3o aconteceu na Rua Jos\u00e9 Torres, Vila Popular na cidade de Monteiro, na manh\u00e3 do s\u00e1bado (28).<\/p>\n\n\n\n<p>Os policiais 11\u00ba Batalh\u00e3o, realizavam rondas quando receberam uma den\u00fancia de que um indiv\u00edduo estaria com uma moto roubada em uma rua pr\u00f3xima. <\/p>\n\n\n\n<p>De imediato a guarni\u00e7\u00e3o deslocou-se at\u00e9 o local, onde foi encontrado o acusado como tamb\u00e9m a motocicleta. A motocicleta havia sido furtada no dia 29 de fevereiro do corrente ano.<\/p>\n\n\n\n<p>O acusado foi conduzido juntamente com a motocicleta at\u00e9 a delegacia de Pol\u00edcia Civil de Monteiro para as medidas cab\u00edveis.<\/p>\n\n\n\n<p><em>ACUSADO<\/em><br>\nJOS\u00c9 C\u00cdCERO DE MORAIS CAMPOS  (27 anos de idade)<\/p>\n\n\n\n<p><em>MOTO RECUPERADA<\/em><\/p>\n\n\n\n<ul class=\"wp-block-list\"><li>Honda CG 125 FAN \/ FAN KS COR PRETA, PLACA: KLF5730\/ PE<\/li><\/ul>\n\n\n\n<p><em>MAJOR QOC SAMARONI<\/em><br>\nCMT 11\u00b0 BPM<\/p>\n\n\n\n<p><em>MAJOR QOC BRUNO<\/em><br>\nSUB CMT 11\u00b0 BPM<\/p>\n\n\n\n<p><em>P\/5<\/em><br>\nSe\u00e7\u00e3o de Comunica\u00e7\u00e3o Social e Marketing Institucional &#8211; 11\u00ba BPM<\/p>\n","protected":false},"excerpt":{"rendered":"<p>A Pol\u00edcia Militar recuperou uma motocicleta furtada e prendeu um suspeito em Monteiro. A a\u00e7\u00e3o aconteceu na Rua Jos\u00e9 Torres, Vila Popular na cidade de&hellip; <\/p>\n","protected":false},"author":2,"featured_media":160907,"comment_status":"closed","ping_status":"closed","sticky":false,"template":"","format":"standard","meta":{"sfsi_plus_gutenberg_text_before_share":"","sfsi_plus_gutenberg_show_text_before_share":"","sfsi_plus_gutenberg_icon_type":"","sfsi_plus_gutenberg_icon_alignemt":"","sfsi_plus_gutenburg_max_per_row":"","footnotes":""},"categories":[50,12],"tags":[],"class_list":["post-160906","post","type-post","status-publish","format-standard","has-post-thumbnail","hentry","category-destaque","category-policia"],"_links":{"self":[{"href":"https:\/\/www.caririemacao.com\/1\/wp-json\/wp\/v2\/posts\/160906","targetHints":{"allow":["GET"]}}],"collection":[{"href":"https:\/\/www.caririemacao.com\/1\/wp-json\/wp\/v2\/posts"}],"about":[{"href":"https:\/\/www.caririemacao.com\/1\/wp-json\/wp\/v2\/types\/post"}],"author":[{"embeddable":true,"href":"https:\/\/www.caririemacao.com\/1\/wp-json\/wp\/v2\/users\/2"}],"replies":[{"embeddable":true,"href":"https:\/\/www.caririemacao.com\/1\/wp-json\/wp\/v2\/comments?post=160906"}],"version-history":[{"count":1,"href":"https:\/\/www.caririemacao.com\/1\/wp-json\/wp\/v2\/posts\/160906\/revisions"}],"predecessor-version":[{"id":160908,"href":"https:\/\/www.caririemacao.com\/1\/wp-json\/wp\/v2\/posts\/160906\/revisions\/160908"}],"wp:featuredmedia":[{"embeddable":true,"href":"https:\/\/www.caririemacao.com\/1\/wp-json\/wp\/v2\/media\/160907"}],"wp:attachment":[{"href":"https:\/\/www.caririemacao.com\/1\/wp-json\/wp\/v2\/media?parent=160906"}],"wp:term":[{"taxonomy":"category","embeddable":true,"href":"https:\/\/www.caririemacao.com\/1\/wp-json\/wp\/v2\/categories?post=160906"},{"taxonomy":"post_tag","embeddable":true,"href":"https:\/\/www.caririemacao.com\/1\/wp-json\/wp\/v2\/tags?post=160906"}],"curies":[{"name":"wp","href":"https:\/\/api.w.org\/{rel}","templated":true}]}}