{"id":160915,"date":"2020-03-29T10:22:04","date_gmt":"2020-03-29T13:22:04","guid":{"rendered":"http:\/\/www.caririemacao.com\/1\/?p=160915"},"modified":"2020-03-29T10:22:06","modified_gmt":"2020-03-29T13:22:06","slug":"ministerio-da-saude-atualiza-os-casos-de-coronavirus-no-brasil","status":"publish","type":"post","link":"https:\/\/www.caririemacao.com\/1\/2020\/03\/29\/ministerio-da-saude-atualiza-os-casos-de-coronavirus-no-brasil\/","title":{"rendered":"Minist\u00e9rio da Sa\u00fade atualiza os casos de coronav\u00edrus no Brasil"},"content":{"rendered":"\n<p>O n\u00famero de mortes pelo novo coronav\u00edrus no Brasil subiu para 111 neste s\u00e1bado (28), segundo dados do Minist\u00e9rio da Sa\u00fade. At\u00e9 sexta-feira (27), eram 92 mortes.<\/p>\n\n\n\n<p>O pa\u00eds registra 3.904 casos neste s\u00e1bado (28) -com rela\u00e7\u00e3o aos casos confirmados, a mortalidade da doen\u00e7a \u00e9 de 2,8% no pa\u00eds. O n\u00famero de registros representa um salto de 17% com rela\u00e7\u00e3o \u00e0 quinta-feira, quando eram 3.417 casos.<\/p>\n\n\n\n<p>No mundo, s\u00e3o 30 mil mortes.<\/p>\n\n\n\n<p>S\u00e3o Paulo \u00e9 o estado com maior n\u00famero de infectados, com 1.406 pessoas infectadas, contra 1.223 da sexta. O Rio de Janeiro aparece na sequ\u00eancia, com 558.<\/p>\n\n\n\n<p>S\u00f3 em S\u00e3o Paulo morreram 84 pessoas; outras 13 morreram no Rio de Janeiro.<\/p>\n\n\n\n<p>Houve registro ainda de mortes no Amazonas (1), Cear\u00e1 (1), Pernambuco (5), Piau\u00ed (1), Goi\u00e1s (1), Paran\u00e1 (2), Rio Grande do Sul (2) e Santa Catarina (1).<\/p>\n\n\n\n<p>A primeira morte no Piau\u00ed pela doen\u00e7a foi confirmada na manh\u00e3 deste s\u00e1bado pela Secretaria de Sa\u00fade local. O prefeito de S\u00e3o Jos\u00e9 do Divino, Ant\u00f4nio Nonato Lima Gomes, morreu na madrugada de sexta-feira (27) v\u00edtima do Covid-19. Com isso, j\u00e1 s\u00e3o sete mortos no Nordeste.<\/p>\n\n\n\n<p>A regi\u00e3o Sudeste segue concentrando a maioria dos casos, 56,9% . Nordeste tem 16%, Sul, 13,2%, Centro-oeste, 9,2%, e Norte , 4,7%.<\/p>\n\n\n\n<p>Nas \u00faltimas 24 horas, foram confirmados 487 novos casos da doen\u00e7a, um aumento de 14%. Nos \u00faltimos tr\u00eas dias, o n\u00famero de pessoas ficou acima de 480 registros por dia.<\/p>\n\n\n\n<p>De acordo com o Minist\u00e9rio da Sa\u00fade, 90% dos casos de \u00f3bitos s\u00e3o de pessoas acima de 60 anos. E 84% das mortes s\u00e3o de pacientes com ao menos um fator de risco -diabetes, cardiopatia e problemas respirat\u00f3rios.<\/p>\n\n\n\n<p>No total, desde o in\u00edcio do ano, s\u00e3o 15.140 hospitaliza\u00e7\u00f5es por problemas respirat\u00f3rios.<\/p>\n\n\n\n<p>Conforme a Folha de S.Paulo revelou, o Minist\u00e9rio da Sa\u00fade distribuiu neste s\u00e1bado aos gestores estaduais da \u00e1rea um plano de transi\u00e7\u00e3o \u00e0 quarentena adotada para combate \u00e0 pandemia do coronav\u00edrus. A proposta prev\u00ea que escolas e universidades fiquem fechadas at\u00e9 o fim do m\u00eas de abril, com possibilidade de extens\u00e3o tamb\u00e9m para o m\u00eas de maio.<\/p>\n\n\n\n<p>Sugere, tamb\u00e9m, que haja afastamento de idosos e pessoas de grupos de risco de atividades sociais e trabalho por tr\u00eas meses, al\u00e9m do veto a eventos, cinemas, cultos e incentivo a pr\u00e1ticas de home office.<\/p>\n\n\n\n<p>O plano sugere ainda que bares e restaurantes possam abrir funcionando com 50% da capacidade instalada e refor\u00e7o de a\u00e7\u00f5es de preven\u00e7\u00e3o. O tema foi discutido entre Bolsonaro e ministros na manh\u00e3 deste s\u00e1bado, em encontro que durou cerca de duas horas com foco em a\u00e7\u00f5es tomadas na semana e o afrouxamento das restri\u00e7\u00f5es impostas em alguns estados.<\/p>\n\n\n\n<p>O presidente quer a libera\u00e7\u00e3o do com\u00e9rcio em todo o pa\u00eds.\u00a0Neste s\u00e1bado, a Justi\u00e7a do Rio proibiu o governo federal de divulgar nas redes sociais e na imprensa a campanha #OBrasiln\u00e3opodeparar,\u00a0criada para pressionar estados e munic\u00edpios a suspenderem as medidas restritivas.<\/p>\n\n\n\n<p>A Justi\u00e7a do Rio derrubou nesta sexta (27), em car\u00e1ter liminar, parte do decreto do presidente publicado na quinta (26) que liberava o funcionamento de igrejas e tempos e de loteria.<\/p>\n","protected":false},"excerpt":{"rendered":"<p>O n\u00famero de mortes pelo novo coronav\u00edrus no Brasil subiu para 111 neste s\u00e1bado (28), segundo dados do Minist\u00e9rio da Sa\u00fade. At\u00e9 sexta-feira (27), eram&hellip; <\/p>\n","protected":false},"author":2,"featured_media":89060,"comment_status":"closed","ping_status":"closed","sticky":false,"template":"","format":"standard","meta":{"sfsi_plus_gutenberg_text_before_share":"","sfsi_plus_gutenberg_show_text_before_share":"","sfsi_plus_gutenberg_icon_type":"","sfsi_plus_gutenberg_icon_alignemt":"","sfsi_plus_gutenburg_max_per_row":"","footnotes":""},"categories":[50,16],"tags":[],"class_list":["post-160915","post","type-post","status-publish","format-standard","has-post-thumbnail","hentry","category-destaque","category-saude"],"_links":{"self":[{"href":"https:\/\/www.caririemacao.com\/1\/wp-json\/wp\/v2\/posts\/160915","targetHints":{"allow":["GET"]}}],"collection":[{"href":"https:\/\/www.caririemacao.com\/1\/wp-json\/wp\/v2\/posts"}],"about":[{"href":"https:\/\/www.caririemacao.com\/1\/wp-json\/wp\/v2\/types\/post"}],"author":[{"embeddable":true,"href":"https:\/\/www.caririemacao.com\/1\/wp-json\/wp\/v2\/users\/2"}],"replies":[{"embeddable":true,"href":"https:\/\/www.caririemacao.com\/1\/wp-json\/wp\/v2\/comments?post=160915"}],"version-history":[{"count":1,"href":"https:\/\/www.caririemacao.com\/1\/wp-json\/wp\/v2\/posts\/160915\/revisions"}],"predecessor-version":[{"id":160917,"href":"https:\/\/www.caririemacao.com\/1\/wp-json\/wp\/v2\/posts\/160915\/revisions\/160917"}],"wp:featuredmedia":[{"embeddable":true,"href":"https:\/\/www.caririemacao.com\/1\/wp-json\/wp\/v2\/media\/89060"}],"wp:attachment":[{"href":"https:\/\/www.caririemacao.com\/1\/wp-json\/wp\/v2\/media?parent=160915"}],"wp:term":[{"taxonomy":"category","embeddable":true,"href":"https:\/\/www.caririemacao.com\/1\/wp-json\/wp\/v2\/categories?post=160915"},{"taxonomy":"post_tag","embeddable":true,"href":"https:\/\/www.caririemacao.com\/1\/wp-json\/wp\/v2\/tags?post=160915"}],"curies":[{"name":"wp","href":"https:\/\/api.w.org\/{rel}","templated":true}]}}