{"id":160920,"date":"2020-03-29T10:23:19","date_gmt":"2020-03-29T13:23:19","guid":{"rendered":"http:\/\/www.caririemacao.com\/1\/?p=160920"},"modified":"2020-03-29T10:23:20","modified_gmt":"2020-03-29T13:23:20","slug":"milhoes-de-brasileiros-residem-em-moradias-superlotadas","status":"publish","type":"post","link":"https:\/\/www.caririemacao.com\/1\/2020\/03\/29\/milhoes-de-brasileiros-residem-em-moradias-superlotadas\/","title":{"rendered":"Milh\u00f5es de brasileiros residem em moradias superlotadas"},"content":{"rendered":"\n<p>Na casa de Geovane Gon\u00e7alves, 24, vivem ele, sua m\u00e3e, seu padrasto, seu irm\u00e3o, mais duas irm\u00e3s, sua filha de cinco anos, seis gatos e um cachorro. S\u00e3o sete pessoas e sete bichos para duas camas de solteiro e um sof\u00e1.<\/p>\n\n\n\n<p>Como a conta n\u00e3o bate, o jeito \u00e9 se espremer durante os longos dias de quarentena. \u201cNos revezamos. Um vai pra TV, outro fica no celular, mas estamos evitando as not\u00edcias pra n\u00e3o ficar em p\u00e2nico\u201d, diz o atendente de loja, morador da favela da Rocinha, na zona sul do Rio.<\/p>\n\n\n\n<p>Geovane e sua fam\u00edlia est\u00e3o entre os 11,5 milh\u00f5es de brasileiros que moram em casas superlotadas, ou seja, que abrigam mais de tr\u00eas pessoas por dormit\u00f3rio. O n\u00famero \u00e9 de 2018, da mais recente Pnad Cont\u00ednua (Pesquisa Nacional por Amostra de Domic\u00edlios) do IBGE.<\/p>\n\n\n\n<p>Isso significa que quase 6% da popula\u00e7\u00e3o vive em ambientes abarrotados que tornam quase imposs\u00edvel o tal isolamento social, tratado pela Organiza\u00e7\u00e3o Mundial de Sa\u00fade (OMS) como uma das principais ferramentas para conter o novo coronav\u00edrus.<\/p>\n\n\n\n<p>Os c\u00f4modos cheios s\u00e3o uma realidade mais comum entre os pretos e pardos (7%) e entre as mulheres solteiras com filhos de at\u00e9 14 anos. Nesse \u00faltimo recorte, h\u00e1 ainda um abismo entre as chefes de fam\u00edlia brancas (8%) e negras (12%).<\/p>\n\n\n\n<p>O problema \u00e9 maior nas capitais, onde a doen\u00e7a est\u00e1 mais concentrada at\u00e9 agora. As tr\u00eas cidades com o maior n\u00famero de casos confirmados \u00ad\u201d\u201dS\u00e3o Paulo, Rio de Janeiro e Fortaleza\u201d\u201d est\u00e3o entre as com mais habitantes morando em domic\u00edlios hiperadensados. A capital paulista acumula um ter\u00e7o dessas pessoas.<\/p>\n\n\n\n<p>Quem ganha em termos proporcionais, por\u00e9m, \u00e9 o Norte do pa\u00eds, onde 13% da popula\u00e7\u00e3o vive em locais superocupados. Em Macap\u00e1, por exemplo, essa \u00e9 a condi\u00e7\u00e3o de nada menos que um quinto dos moradores.<\/p>\n\n\n\n<p>Em Manaus, a aut\u00f4noma Aldineia Viana, 35, tem passado o dia inteiro com o marido e tr\u00eas filhos dentro de uma quitinete, geminada a outras quatro quitinetes dentro de uma vila. \u201cA moradia piorou 100%. Agora, com esse coronav\u00edrus, acabou de vez\u201d, diz ela.<\/p>\n\n\n\n<p>Eles viviam em uma casa em uma invas\u00e3o no extremo norte da cidade, mas h\u00e1 um m\u00eas a \u00e1rea foi alvo de uma a\u00e7\u00e3o de reintegra\u00e7\u00e3o de posse que retirou cerca de 2.300 fam\u00edlias. Agora, o aluguel social pago pelo governo estadual aos desalojados, de R$ 600, \u00e9 a \u00fanica renda da fam\u00edlia.<\/p>\n\n\n\n<p>Para Luiz Cesar de Queiroz Ribeiro, coordenador do Observat\u00f3rio das Metr\u00f3poles (que re\u00fane 400 pesquisadores no pa\u00eds), o problema do adensamento das moradias tende a piorar ainda mais com a crise do coronav\u00edrus e, consequentemente, a crise econ\u00f4mica que vir\u00e1.<\/p>\n\n\n\n<p>\u201cEvidentemente uma estrat\u00e9gia das pessoas vai ser se aglomerar nas casas que j\u00e1 existem, considerando o aumento do desemprego e as pessoas que vivem de rendas que s\u00f3 suprem o hoje\u201d, diz ele, que \u00e9 professor titular do instituto de pesquisa e planejamento urbano da UFRJ.<\/p>\n\n\n\n<p>Ribeiro destaca ainda a dificuldade de se evitar aglomera\u00e7\u00f5es na vizinhan\u00e7a. \u201cAl\u00e9m do adensamento das moradias, tivemos o adensamento da ocupa\u00e7\u00e3o do solo, com os puxadinhos. O quadro habitacional do Brasil se agravou bastante a partir de 2016, com a crise e a paralisa\u00e7\u00e3o de programas como o Minha Casa Minha Vida\u201d, avalia.<\/p>\n\n\n\n<p>Outros n\u00fameros habitacionais d\u00e3o a dimens\u00e3o das dificuldades do Brasil em tempos de coronav\u00edrus: 6 milh\u00f5es (3%) n\u00e3o t\u00eam banheiro em casa, 31 milh\u00f5es (15%) n\u00e3o t\u00eam abastecimento de \u00e1gua pr\u00f3prio e 42 milh\u00f5es (20%) n\u00e3o t\u00eam acesso \u00e0 internet no domic\u00edlio, pelo computador ou dispositivo m\u00f3vel, segundo a PNAD de 2018.<\/p>\n\n\n\n<p>Mais um dado que assusta diante da pandemia \u00e9 o fato de que 1 milh\u00e3o de pessoas (0,5%) moravam em apenas um c\u00f4modo em 2010, ano mais recente do Censo do IBGE. \u00c9 como a auxiliar de servi\u00e7os gerais carioca Adriana dos Reis, 50, vive at\u00e9 hoje.<\/p>\n\n\n\n<p>Sua casa na Rocinha \u00e9 repartida em duas por uma toalhinha. De um lado, dormem ela e o marido; do outro, os dois filhos. A \u00fanica divis\u00f3ria \u00e9 um pequeno banheiro, que fica colado num espa\u00e7o onde se empilham a pia, a m\u00e1quina de lavar roupa, a geladeira e o microondas.<\/p>\n\n\n\n<p>Para Ribeiro, a situa\u00e7\u00e3o atual lembra as epidemias de var\u00edola e febre amarela que acometeram principalmente o Rio de Janeiro no in\u00edcio do s\u00e9culo 20, impulsionadas pelas condi\u00e7\u00f5es sanit\u00e1rias dos corti\u00e7os que dominavam o centro da ent\u00e3o capital do pa\u00eds.<\/p>\n\n\n\n<p>Na \u00e9poca, uma das solu\u00e7\u00f5es levadas a cabo pelo prefeito Pereira Passos foi o chamado \u201cbota-abaixo\u201d, que derrubou as moradias e empurrou as camadas mais pobres para os morros e periferias, fazendo surgir a primeira favela brasileira, o Morro da Provid\u00eancia.<\/p>\n\n\n\n<p>\u201cHoje, uma solu\u00e7\u00e3o autorit\u00e1ria como essa \u00e9 mais dif\u00edcil, porque estamos falando de um ter\u00e7o da popula\u00e7\u00e3o em favelas\u201d, reflete Ribeiro.<\/p>\n\n\n\n<p>\u201cMas estou com uma certa esperan\u00e7a de que o coronav\u00edrus fa\u00e7a a gente acordar para o fato de que as extremas desigualdades que vivemos s\u00e3o intoler\u00e1veis e n\u00e3o atingem s\u00f3 essas pessoas, e sim a sociedade como um todo.\u201d<\/p>\n","protected":false},"excerpt":{"rendered":"<p>Na casa de Geovane Gon\u00e7alves, 24, vivem ele, sua m\u00e3e, seu padrasto, seu irm\u00e3o, mais duas irm\u00e3s, sua filha de cinco anos, seis gatos e&hellip; <\/p>\n","protected":false},"author":2,"featured_media":160921,"comment_status":"closed","ping_status":"closed","sticky":false,"template":"","format":"standard","meta":{"sfsi_plus_gutenberg_text_before_share":"","sfsi_plus_gutenberg_show_text_before_share":"","sfsi_plus_gutenberg_icon_type":"","sfsi_plus_gutenberg_icon_alignemt":"","sfsi_plus_gutenburg_max_per_row":"","footnotes":""},"categories":[6],"tags":[],"class_list":["post-160920","post","type-post","status-publish","format-standard","has-post-thumbnail","hentry","category-cidades"],"_links":{"self":[{"href":"https:\/\/www.caririemacao.com\/1\/wp-json\/wp\/v2\/posts\/160920","targetHints":{"allow":["GET"]}}],"collection":[{"href":"https:\/\/www.caririemacao.com\/1\/wp-json\/wp\/v2\/posts"}],"about":[{"href":"https:\/\/www.caririemacao.com\/1\/wp-json\/wp\/v2\/types\/post"}],"author":[{"embeddable":true,"href":"https:\/\/www.caririemacao.com\/1\/wp-json\/wp\/v2\/users\/2"}],"replies":[{"embeddable":true,"href":"https:\/\/www.caririemacao.com\/1\/wp-json\/wp\/v2\/comments?post=160920"}],"version-history":[{"count":1,"href":"https:\/\/www.caririemacao.com\/1\/wp-json\/wp\/v2\/posts\/160920\/revisions"}],"predecessor-version":[{"id":160922,"href":"https:\/\/www.caririemacao.com\/1\/wp-json\/wp\/v2\/posts\/160920\/revisions\/160922"}],"wp:featuredmedia":[{"embeddable":true,"href":"https:\/\/www.caririemacao.com\/1\/wp-json\/wp\/v2\/media\/160921"}],"wp:attachment":[{"href":"https:\/\/www.caririemacao.com\/1\/wp-json\/wp\/v2\/media?parent=160920"}],"wp:term":[{"taxonomy":"category","embeddable":true,"href":"https:\/\/www.caririemacao.com\/1\/wp-json\/wp\/v2\/categories?post=160920"},{"taxonomy":"post_tag","embeddable":true,"href":"https:\/\/www.caririemacao.com\/1\/wp-json\/wp\/v2\/tags?post=160920"}],"curies":[{"name":"wp","href":"https:\/\/api.w.org\/{rel}","templated":true}]}}