{"id":160926,"date":"2020-03-29T10:24:26","date_gmt":"2020-03-29T13:24:26","guid":{"rendered":"http:\/\/www.caririemacao.com\/1\/?p=160926"},"modified":"2020-03-29T10:24:28","modified_gmt":"2020-03-29T13:24:28","slug":"mandetta-critica-carreatas-promovidas-por-apoiadores-de-bolsonaro","status":"publish","type":"post","link":"https:\/\/www.caririemacao.com\/1\/2020\/03\/29\/mandetta-critica-carreatas-promovidas-por-apoiadores-de-bolsonaro\/","title":{"rendered":"Mandetta critica carreatas promovidas por apoiadores de Bolsonaro"},"content":{"rendered":"\n<p>O ministro da Sa\u00fade, Luiz Henrique Mandetta, refor\u00e7ou neste s\u00e1bado a import\u00e2ncia de diminuir a circula\u00e7\u00e3o de pessoas para combater a dissemina\u00e7\u00e3o do novo coronav\u00edrus e criticou carreatas que aconteceram nos \u00faltimos dias pedindo a reabertura do com\u00e9rcio. Movimentos do tipo aconteceram em algumas cidades do pa\u00eds depois que o presidente Jair Bolsonaro afirmou que a economia n\u00e3o poderia parar e defendeu o isolamento apenas de pessoas que comp\u00f5em o grupo de risco, como idosos.<br><\/p>\n\n\n\n<p>Mandetta e outros ministros se reuniram nesta manh\u00e3 com Bolsonaro. O titular da Sa\u00fade afirmou que a realiza\u00e7\u00e3o das carreatas vai contra as orienta\u00e7\u00f5es do minist\u00e9rio:<\/p>\n\n\n\n<p>\u2013 Fazer movimento assim\u00e9trico de efeito manada agora, vamos daqui a duas semanas, tr\u00eas semanas\u2026 Os mesmos que falam \u201cvamos fazer carreata de apoio, v\u00e3o ser os mesmos que v\u00e3o estar em casa. N\u00e3o \u00e9 hora agora (\u2026) Eu espero e rezo ara aqueles que falam que n\u00e3o vai ser nada, que vai ser s\u00f3 uma\u2026 um pequeno estresse, que isso passa logo e acaba, espero e rezo todo dia para que estejam corretos nas suas avalia\u00e7\u00f5es.<\/p>\n\n\n\n<p>De acordo com o ministro, a reuni\u00e3o com o presidente e titulares de outras pastas serviu para que fosse constru\u00edda uma \u201cunidade\u201d de atua\u00e7\u00e3o. Ele defendeu que as medidas restritivas sejam reavaliadas com frequ\u00eancia e descartou um isolamento mais r\u00edgido em todo o territ\u00f3rio nacional \u2013 Mandetta reconheceu, no entanto, que a estrat\u00e9gia pode ser adotada em regi\u00f5es espec\u00edficas.<\/p>\n\n\n\n<p>\u2013 N\u00e3o existe quarentena vertical, horizontal, n\u00e3o existe nada. Existe a necessidade de arbitrar num determinado tempo qual a necessidade de reten\u00e7\u00e3o que a sociedade pode fazer. O \u201clockdown\u201d, que \u00e9 parada absoluta, pode vir a ser necess\u00e1rio em algum momento, em alguma cidade. O que n\u00e3o existe \u00e9 lockdown em todo o territ\u00f3rio nacional ao mesmo tempo e desarticulado.<\/p>\n\n\n\n<p>Mesmo defendendo a relev\u00e2ncia de as pessoas permanecerem nas suas resid\u00eancias o quanto poss\u00edvel \u2013 estrat\u00e9gia que se op\u00f5e ao que Bolsonaro manifestou nos \u00faltimos dias \u2013, Mandetta disse que o presidente tem raz\u00e3o quando se diz preocupado com a situa\u00e7\u00e3o econ\u00f4mica:<\/p>\n\n\n\n<p>\u2013 Presidente est\u00e1 cert\u00edssimo quando diz que a crise da economia vai matar as pessoas. E somos 100% engajados de achar as solu\u00e7\u00f5es junto com a equipe da economia \u2013 afirmou o ministro, que depois acrescentou: \u2013 Todo o com\u00e9rcio est\u00e1 falando \u201ceu quero abrir\u201d. Calma, que vamos fazer regrinha. Algumas coisas que vamos ter que colocar para serem pontos de refer\u00eancia. Vamos trabalhar isso bem bacana.<\/p>\n\n\n\n<p>Mandetta citou como um exemplo pr\u00e1tico de benef\u00edcio da redu\u00e7\u00e3o do movimento nas ruas a queda no n\u00famero de acidentes de tr\u00e2nsito, especialmente envolvendo motos, o que contribuiu para a n\u00e3o ocupa\u00e7\u00e3o de leitos hospitalares \u2013 uma das preocupa\u00e7\u00f5es do minist\u00e9rio \u00e9 evitar a satura\u00e7\u00e3o do sistema de sa\u00fade.<\/p>\n\n\n\n<p>\u2013 Mais uma raz\u00e3o para que&#8230; Quando a gente determina a paralisa\u00e7\u00e3o, imediatamente a gente percebe que diminuem os acidentes. Diminui o trauma e sobram os leitos(hospitalares) que eram ocupados pelos traumas. Ficam dispon\u00edveis para serem usados em outras situa\u00e7\u00f5es. H\u00e1 informa\u00e7\u00f5es em alguns lugares de queda de 30%, 40% e at\u00e9 50% da taxa de ocupa\u00e7\u00e3o, o que por si s\u00f3 abre espa\u00e7o de leitos que estavam sendo usados por pessoas politraumatizadas para serem usadas para essas viroses. \u00c9 mais uma raz\u00e3o para a gente diminuir bastante a atividade de circula\u00e7\u00e3o de pessoas, no intuito de diminuir o trauma, o que tamb\u00e9m \u00e9 um efeito secund\u00e1rio ben\u00e9fico. Al\u00e9m do efeito de diminuir a transmiss\u00e3o (do coronav\u00edrus).<\/p>\n","protected":false},"excerpt":{"rendered":"<p>O ministro da Sa\u00fade, Luiz Henrique Mandetta, refor\u00e7ou neste s\u00e1bado a import\u00e2ncia de diminuir a circula\u00e7\u00e3o de pessoas para combater a dissemina\u00e7\u00e3o do novo coronav\u00edrus&hellip; <\/p>\n","protected":false},"author":2,"featured_media":160927,"comment_status":"closed","ping_status":"closed","sticky":false,"template":"","format":"standard","meta":{"sfsi_plus_gutenberg_text_before_share":"","sfsi_plus_gutenberg_show_text_before_share":"","sfsi_plus_gutenberg_icon_type":"","sfsi_plus_gutenberg_icon_alignemt":"","sfsi_plus_gutenburg_max_per_row":"","footnotes":""},"categories":[50,2],"tags":[],"class_list":["post-160926","post","type-post","status-publish","format-standard","has-post-thumbnail","hentry","category-destaque","category-geral"],"_links":{"self":[{"href":"https:\/\/www.caririemacao.com\/1\/wp-json\/wp\/v2\/posts\/160926","targetHints":{"allow":["GET"]}}],"collection":[{"href":"https:\/\/www.caririemacao.com\/1\/wp-json\/wp\/v2\/posts"}],"about":[{"href":"https:\/\/www.caririemacao.com\/1\/wp-json\/wp\/v2\/types\/post"}],"author":[{"embeddable":true,"href":"https:\/\/www.caririemacao.com\/1\/wp-json\/wp\/v2\/users\/2"}],"replies":[{"embeddable":true,"href":"https:\/\/www.caririemacao.com\/1\/wp-json\/wp\/v2\/comments?post=160926"}],"version-history":[{"count":1,"href":"https:\/\/www.caririemacao.com\/1\/wp-json\/wp\/v2\/posts\/160926\/revisions"}],"predecessor-version":[{"id":160928,"href":"https:\/\/www.caririemacao.com\/1\/wp-json\/wp\/v2\/posts\/160926\/revisions\/160928"}],"wp:featuredmedia":[{"embeddable":true,"href":"https:\/\/www.caririemacao.com\/1\/wp-json\/wp\/v2\/media\/160927"}],"wp:attachment":[{"href":"https:\/\/www.caririemacao.com\/1\/wp-json\/wp\/v2\/media?parent=160926"}],"wp:term":[{"taxonomy":"category","embeddable":true,"href":"https:\/\/www.caririemacao.com\/1\/wp-json\/wp\/v2\/categories?post=160926"},{"taxonomy":"post_tag","embeddable":true,"href":"https:\/\/www.caririemacao.com\/1\/wp-json\/wp\/v2\/tags?post=160926"}],"curies":[{"name":"wp","href":"https:\/\/api.w.org\/{rel}","templated":true}]}}