{"id":160931,"date":"2020-03-29T10:25:27","date_gmt":"2020-03-29T13:25:27","guid":{"rendered":"http:\/\/www.caririemacao.com\/1\/?p=160931"},"modified":"2020-03-29T10:25:29","modified_gmt":"2020-03-29T13:25:29","slug":"pacientes-internados-com-coronavirus-tem-carencia-de-vitamina-d-diz-estudo","status":"publish","type":"post","link":"https:\/\/www.caririemacao.com\/1\/2020\/03\/29\/pacientes-internados-com-coronavirus-tem-carencia-de-vitamina-d-diz-estudo\/","title":{"rendered":"Pacientes internados com coronav\u00edrus t\u00eam car\u00eancia de vitamina D, diz estudo"},"content":{"rendered":"\n<p>Cientistas da Universidade de Turim (It\u00e1lia) recomendam tomar vitamina D para combater a pandemia de coronav\u00edrus. O estudo, de autoria dos professores de geriatria Giancarlo Isaia e de histologia Enzo Medico foi submetido aos membros da Academia de Medicina de Turim, que consideraram os primeiros resultados &#8220;muito interessantes&#8221;, afirma reportagem do jornal italiano &#8220;La Repubblica&#8221;.&nbsp;<\/p>\n\n\n\n<p>O estudo analisa as poss\u00edveis causas do cont\u00e1gio da covid-19 e prop\u00f5e a vitamina D n\u00e3o como uma cura, mas como uma ferramenta para reduzir o risco de a infec\u00e7\u00e3o se agravar.&nbsp;<\/p>\n\n\n\n<p>Os primeiros dados preliminares coletados atualmente em Turim indicam que muitos pacientes hospitalizados por covid-19 apresentam falta de vitamina D.&nbsp;<\/p>\n\n\n\n<p>Banho de sol&nbsp;<\/p>\n\n\n\n<p>&#8220;A compensa\u00e7\u00e3o por essa ampla defici\u00eancia de vitamina pode ser alcan\u00e7ada principalmente pela exposi\u00e7\u00e3o \u00e0 luz solar, tanto quanto poss\u00edvel, mesmo em varandas e terra\u00e7os, alimentando-se de alimentos ricos em vitamina D e, sob supervis\u00e3o m\u00e9dica, tomando suplementos espec\u00edficos&#8221;, afirmam os pesquisadores.&nbsp;<\/p>\n\n\n\n<p>A an\u00e1lise, tamb\u00e9m realizada seguindo as recomenda\u00e7\u00f5es recentes da Associa\u00e7\u00e3o Diet\u00e9tica Brit\u00e2nica, investigou o papel que a falta de vitamina D poderia desempenhar, o que na It\u00e1lia afeta grande parte da popula\u00e7\u00e3o, especialmente os idosos, nessa pandemia.&nbsp;<br><\/p>\n","protected":false},"excerpt":{"rendered":"<p>Cientistas da Universidade de Turim (It\u00e1lia) recomendam tomar vitamina D para combater a pandemia de coronav\u00edrus. O estudo, de autoria dos professores de geriatria Giancarlo&hellip; <\/p>\n","protected":false},"author":2,"featured_media":160932,"comment_status":"closed","ping_status":"closed","sticky":false,"template":"","format":"standard","meta":{"sfsi_plus_gutenberg_text_before_share":"","sfsi_plus_gutenberg_show_text_before_share":"","sfsi_plus_gutenberg_icon_type":"","sfsi_plus_gutenberg_icon_alignemt":"","sfsi_plus_gutenburg_max_per_row":"","footnotes":""},"categories":[50,16],"tags":[],"class_list":["post-160931","post","type-post","status-publish","format-standard","has-post-thumbnail","hentry","category-destaque","category-saude"],"_links":{"self":[{"href":"https:\/\/www.caririemacao.com\/1\/wp-json\/wp\/v2\/posts\/160931","targetHints":{"allow":["GET"]}}],"collection":[{"href":"https:\/\/www.caririemacao.com\/1\/wp-json\/wp\/v2\/posts"}],"about":[{"href":"https:\/\/www.caririemacao.com\/1\/wp-json\/wp\/v2\/types\/post"}],"author":[{"embeddable":true,"href":"https:\/\/www.caririemacao.com\/1\/wp-json\/wp\/v2\/users\/2"}],"replies":[{"embeddable":true,"href":"https:\/\/www.caririemacao.com\/1\/wp-json\/wp\/v2\/comments?post=160931"}],"version-history":[{"count":1,"href":"https:\/\/www.caririemacao.com\/1\/wp-json\/wp\/v2\/posts\/160931\/revisions"}],"predecessor-version":[{"id":160933,"href":"https:\/\/www.caririemacao.com\/1\/wp-json\/wp\/v2\/posts\/160931\/revisions\/160933"}],"wp:featuredmedia":[{"embeddable":true,"href":"https:\/\/www.caririemacao.com\/1\/wp-json\/wp\/v2\/media\/160932"}],"wp:attachment":[{"href":"https:\/\/www.caririemacao.com\/1\/wp-json\/wp\/v2\/media?parent=160931"}],"wp:term":[{"taxonomy":"category","embeddable":true,"href":"https:\/\/www.caririemacao.com\/1\/wp-json\/wp\/v2\/categories?post=160931"},{"taxonomy":"post_tag","embeddable":true,"href":"https:\/\/www.caririemacao.com\/1\/wp-json\/wp\/v2\/tags?post=160931"}],"curies":[{"name":"wp","href":"https:\/\/api.w.org\/{rel}","templated":true}]}}