{"id":160937,"date":"2020-03-29T10:27:07","date_gmt":"2020-03-29T13:27:07","guid":{"rendered":"http:\/\/www.caririemacao.com\/1\/?p=160937"},"modified":"2020-03-29T10:27:08","modified_gmt":"2020-03-29T13:27:08","slug":"ministerio-alerta-para-risco-do-uso-de-cloroquina-sem-indicacao-medica","status":"publish","type":"post","link":"https:\/\/www.caririemacao.com\/1\/2020\/03\/29\/ministerio-alerta-para-risco-do-uso-de-cloroquina-sem-indicacao-medica\/","title":{"rendered":"Minist\u00e9rio alerta para risco do uso de cloroquina sem indica\u00e7\u00e3o m\u00e9dica"},"content":{"rendered":"\n<p>O Minist\u00e9rio da Sa\u00fade divulgou uma nota t\u00e9cnica sobre o uso da cloroquina e da hidroxicloroquina em casos graves, com pacientes hospitalizados, infectados pelo novo coronav\u00edrus. O protocolo prev\u00ea cinco dias de uso, em complemento a outras medidas como aux\u00edlio para respirar e medica\u00e7\u00e3o contra febre e mal-estar.<\/p>\n\n\n\n<p>O minist\u00e9rio, no entanto, alerta para o risco do uso desses medicamentos, que n\u00e3o devem ser administrados fora dos hospitais. Segundo a nota, dentre os efeitos colaterais, est\u00e3o les\u00f5es na retina, prejudicando a vis\u00e3o, e dist\u00farbios cardiovasculares.<\/p>\n\n\n\n<p>Em coletiva de imprensa neste s\u00e1bado (28), o ministro da Sa\u00fade, Luiz Henrique Mandetta, ressaltou que \u00e9 importante que os medicamentos s\u00f3 sejam usados em casos mais complexos e n\u00e3o para os pacientes em geral.<\/p>\n\n\n\n<p>\u201cEsse medicamento pode dar arritmia card\u00edaca, pode paralisar a fun\u00e7\u00e3o do f\u00edgado. Ent\u00e3o, se sairmos com a caixa na m\u00e3o falando \u2018pode tomar\u2019, n\u00f3s podemos ter mais mortes por mau uso do medicamento do que pela pr\u00f3pria virose\u201d, enfatizou.<\/p>\n\n\n\n<p>Apesar de alguns estudos indicarem que os medicamentos podem conter a covid-19, ainda n\u00e3o existem evid\u00eancias conclusivas sobre os efeitos das subst\u00e2ncias nesse tipo de tratamento.<\/p>\n\n\n\n<p><strong>Distribui\u00e7\u00e3o<\/strong><\/p>\n\n\n\n<p>Na sexta-feira (27), o minist\u00e9rio come\u00e7ou a distribui\u00e7\u00e3o para os estados de 3,4 milh\u00f5es de unidades dos dois medicamentos para uso em casos graves de infec\u00e7\u00e3o pelo novo coronav\u00edrus.<\/p>\n\n\n\n<p>Os rem\u00e9dios j\u00e1 s\u00e3o distribu\u00eddos pelo Sistema \u00danico de Sa\u00fade (SUS) para o tratamento de mal\u00e1ria, que tamb\u00e9m \u00e9 uma virose, e de doen\u00e7as autoimunes (quando o sistema imunol\u00f3gico causa inflama\u00e7\u00f5es) como l\u00fapus e artrite reumatoide.<br><\/p>\n","protected":false},"excerpt":{"rendered":"<p>O Minist\u00e9rio da Sa\u00fade divulgou uma nota t\u00e9cnica sobre o uso da cloroquina e da hidroxicloroquina em casos graves, com pacientes hospitalizados, infectados pelo novo&hellip; <\/p>\n","protected":false},"author":2,"featured_media":160938,"comment_status":"closed","ping_status":"closed","sticky":false,"template":"","format":"standard","meta":{"sfsi_plus_gutenberg_text_before_share":"","sfsi_plus_gutenberg_show_text_before_share":"","sfsi_plus_gutenberg_icon_type":"","sfsi_plus_gutenberg_icon_alignemt":"","sfsi_plus_gutenburg_max_per_row":"","footnotes":""},"categories":[50,16],"tags":[],"class_list":["post-160937","post","type-post","status-publish","format-standard","has-post-thumbnail","hentry","category-destaque","category-saude"],"_links":{"self":[{"href":"https:\/\/www.caririemacao.com\/1\/wp-json\/wp\/v2\/posts\/160937","targetHints":{"allow":["GET"]}}],"collection":[{"href":"https:\/\/www.caririemacao.com\/1\/wp-json\/wp\/v2\/posts"}],"about":[{"href":"https:\/\/www.caririemacao.com\/1\/wp-json\/wp\/v2\/types\/post"}],"author":[{"embeddable":true,"href":"https:\/\/www.caririemacao.com\/1\/wp-json\/wp\/v2\/users\/2"}],"replies":[{"embeddable":true,"href":"https:\/\/www.caririemacao.com\/1\/wp-json\/wp\/v2\/comments?post=160937"}],"version-history":[{"count":1,"href":"https:\/\/www.caririemacao.com\/1\/wp-json\/wp\/v2\/posts\/160937\/revisions"}],"predecessor-version":[{"id":160939,"href":"https:\/\/www.caririemacao.com\/1\/wp-json\/wp\/v2\/posts\/160937\/revisions\/160939"}],"wp:featuredmedia":[{"embeddable":true,"href":"https:\/\/www.caririemacao.com\/1\/wp-json\/wp\/v2\/media\/160938"}],"wp:attachment":[{"href":"https:\/\/www.caririemacao.com\/1\/wp-json\/wp\/v2\/media?parent=160937"}],"wp:term":[{"taxonomy":"category","embeddable":true,"href":"https:\/\/www.caririemacao.com\/1\/wp-json\/wp\/v2\/categories?post=160937"},{"taxonomy":"post_tag","embeddable":true,"href":"https:\/\/www.caririemacao.com\/1\/wp-json\/wp\/v2\/tags?post=160937"}],"curies":[{"name":"wp","href":"https:\/\/api.w.org\/{rel}","templated":true}]}}