{"id":160949,"date":"2020-03-29T10:34:17","date_gmt":"2020-03-29T13:34:17","guid":{"rendered":"http:\/\/www.caririemacao.com\/1\/?p=160949"},"modified":"2020-03-29T10:34:18","modified_gmt":"2020-03-29T13:34:18","slug":"veja-a-diferenca-entre-emergencia-em-saude-e-estado-de-calamidade","status":"publish","type":"post","link":"https:\/\/www.caririemacao.com\/1\/2020\/03\/29\/veja-a-diferenca-entre-emergencia-em-saude-e-estado-de-calamidade\/","title":{"rendered":"Veja a diferen\u00e7a entre emerg\u00eancia em sa\u00fade e estado de calamidade"},"content":{"rendered":"\n<p>Em meio \u00e0 pandemia de covid-19 no Brasil, o governo federal est\u00e1 adotando medidas de aten\u00e7\u00e3o \u00e0 sa\u00fade da popula\u00e7\u00e3o e \u00e0 economia. As a\u00e7\u00f5es d\u00e3o efeito \u00e0 emerg\u00eancia em sa\u00fade p\u00fablica, declarada em fevereiro pelo Minist\u00e9rio da Sa\u00fade. Na semana passada, o Congresso Nacional tamb\u00e9m reconheceu o estado de calamidade p\u00fablica no pa\u00eds.<\/p>\n\n\n\n<p>Entenda a diferen\u00e7a entre emerg\u00eancia em sa\u00fade e estado de calamidade e para que servem os dois atos.<\/p>\n\n\n\n<p>A Emerg\u00eancia em Sa\u00fade P\u00fablica de Import\u00e2ncia Nacional foi declarada pelo Minist\u00e9rio da Sa\u00fade por meio da&nbsp;<a href=\"http:\/\/www.planalto.gov.br\/ccivil_03\/portaria\/prt188-20-ms.htm\" target=\"_blank\" rel=\"noreferrer noopener\">Portaria n\u00ba188\/2020<\/a>&nbsp;ap\u00f3s a Organiza\u00e7\u00e3o Mundial da Sa\u00fade (OMS) ter declarado Emerg\u00eancia em Sa\u00fade P\u00fablica de Import\u00e2ncia Internacional, em 30 de janeiro de 2020.<\/p>\n\n\n\n<p>Para isso, o minist\u00e9rio considerou a complexidade das situa\u00e7\u00f5es causadas pela dissemina\u00e7\u00e3o do coronav\u00edrus e a necessidade de esfor\u00e7os e a\u00e7\u00f5es de resposta coordenadas em todo os sistemas de vigil\u00e2ncia e aten\u00e7\u00e3o \u00e0 sa\u00fade. Ou seja, a medida fundamenta todas as a\u00e7\u00f5es urgentes de preven\u00e7\u00e3o, controle de riscos e danos \u00e0 sa\u00fade p\u00fablica.<\/p>\n\n\n\n<h2 class=\"wp-block-heading\">Dura\u00e7\u00e3o indeterminada<\/h2>\n\n\n\n<p>A dura\u00e7\u00e3o da situa\u00e7\u00e3o de emerg\u00eancia \u00e9 indeterminada e tamb\u00e9m ser\u00e1 definida pelo Minist\u00e9rio da Sa\u00fade, mas n\u00e3o ser\u00e1 maior que o tempo de emerg\u00eancia declarado pela OMS.<\/p>\n\n\n\n<p>Para dar andamento a essas a\u00e7\u00f5es de sa\u00fade e tamb\u00e9m a outras \u00e1reas do poder p\u00fablico, o governo federal editou e o Congresso Nacional aprovou a&nbsp;<a href=\"http:\/\/www.planalto.gov.br\/ccivil_03\/_Ato2019-2022\/2020\/Lei\/L13979.htm\" target=\"_blank\" rel=\"noreferrer noopener\">Lei n\u00ba 13.979\/2020<\/a>, que traz as medidas de enfrentamento \u00e0 emerg\u00eancia e a seus efeitos. A lei tamb\u00e9m s\u00f3 vigora enquanto vigorar a emerg\u00eancia em sa\u00fade.<\/p>\n\n\n\n<p>Considerando o aumento de gastos, o impacto dessas medidas para conter o v\u00edrus na atividade econ\u00f4mica e a consequente diminui\u00e7\u00e3o da arrecada\u00e7\u00e3o dos cofres p\u00fablicos, o governo federal pediu que o Congresso reconhecesse o estado de calamidade p\u00fablica, que o dispensa de cumprir as metas de execu\u00e7\u00e3o do or\u00e7amento e de limita\u00e7\u00e3o de empenho de recursos. O Congresso aprovou o pedido e publicou o&nbsp;<a href=\"http:\/\/www.planalto.gov.br\/ccivil_03\/portaria\/DLG6-2020.htm\" target=\"_blank\" rel=\"noreferrer noopener\">Decreto Legislativo n\u00ba 6\/2020<\/a>.<\/p>\n\n\n\n<p>O estado de calamidade, entretanto, tem prazo para acabar e vai at\u00e9 31 de dezembro deste ano.<\/p>\n","protected":false},"excerpt":{"rendered":"<p>Em meio \u00e0 pandemia de covid-19 no Brasil, o governo federal est\u00e1 adotando medidas de aten\u00e7\u00e3o \u00e0 sa\u00fade da popula\u00e7\u00e3o e \u00e0 economia. As a\u00e7\u00f5es&hellip; <\/p>\n","protected":false},"author":2,"featured_media":160950,"comment_status":"closed","ping_status":"closed","sticky":false,"template":"","format":"standard","meta":{"sfsi_plus_gutenberg_text_before_share":"","sfsi_plus_gutenberg_show_text_before_share":"","sfsi_plus_gutenberg_icon_type":"","sfsi_plus_gutenberg_icon_alignemt":"","sfsi_plus_gutenburg_max_per_row":"","footnotes":""},"categories":[2],"tags":[],"class_list":["post-160949","post","type-post","status-publish","format-standard","has-post-thumbnail","hentry","category-geral"],"_links":{"self":[{"href":"https:\/\/www.caririemacao.com\/1\/wp-json\/wp\/v2\/posts\/160949","targetHints":{"allow":["GET"]}}],"collection":[{"href":"https:\/\/www.caririemacao.com\/1\/wp-json\/wp\/v2\/posts"}],"about":[{"href":"https:\/\/www.caririemacao.com\/1\/wp-json\/wp\/v2\/types\/post"}],"author":[{"embeddable":true,"href":"https:\/\/www.caririemacao.com\/1\/wp-json\/wp\/v2\/users\/2"}],"replies":[{"embeddable":true,"href":"https:\/\/www.caririemacao.com\/1\/wp-json\/wp\/v2\/comments?post=160949"}],"version-history":[{"count":1,"href":"https:\/\/www.caririemacao.com\/1\/wp-json\/wp\/v2\/posts\/160949\/revisions"}],"predecessor-version":[{"id":160951,"href":"https:\/\/www.caririemacao.com\/1\/wp-json\/wp\/v2\/posts\/160949\/revisions\/160951"}],"wp:featuredmedia":[{"embeddable":true,"href":"https:\/\/www.caririemacao.com\/1\/wp-json\/wp\/v2\/media\/160950"}],"wp:attachment":[{"href":"https:\/\/www.caririemacao.com\/1\/wp-json\/wp\/v2\/media?parent=160949"}],"wp:term":[{"taxonomy":"category","embeddable":true,"href":"https:\/\/www.caririemacao.com\/1\/wp-json\/wp\/v2\/categories?post=160949"},{"taxonomy":"post_tag","embeddable":true,"href":"https:\/\/www.caririemacao.com\/1\/wp-json\/wp\/v2\/tags?post=160949"}],"curies":[{"name":"wp","href":"https:\/\/api.w.org\/{rel}","templated":true}]}}