{"id":160964,"date":"2020-03-29T19:14:45","date_gmt":"2020-03-29T22:14:45","guid":{"rendered":"http:\/\/www.caririemacao.com\/1\/?p=160964"},"modified":"2020-03-29T20:03:48","modified_gmt":"2020-03-29T23:03:48","slug":"liderancas-politicas-e-religiosas-do-congo-se-unem-para-realizar-campanha-solidaria","status":"publish","type":"post","link":"https:\/\/www.caririemacao.com\/1\/2020\/03\/29\/liderancas-politicas-e-religiosas-do-congo-se-unem-para-realizar-campanha-solidaria\/","title":{"rendered":"Lideran\u00e7as pol\u00edticas e religiosas do Congo se unem para realizar campanha solid\u00e1ria"},"content":{"rendered":"\n<p>Na tarde desse s\u00e1bado, dia 28 de mar\u00e7o, lideran\u00e7as pol\u00edticas e religiosas do munic\u00edpio do Congo se uniram para planejar a\u00e7\u00f5es de enfrentamento ao per\u00edodo cr\u00edtico de isolamento social que o mundo vivencia e que afetar\u00e1 a economia e a renda das fam\u00edlias, principalmente os trabalhadores informais. <\/p>\n\n\n\n<p>O grupo discutiu a falta de meios de\nsobreviv\u00eancia para as fam\u00edlias mais carentes do munic\u00edpio, a necessidade de\ntoda popula\u00e7\u00e3o cumprir as determina\u00e7\u00f5es de isolamento social para evitar a\ncontamina\u00e7\u00e3o do Covid-19 e como as lideran\u00e7as pol\u00edticas, religiosa e toda popula\u00e7\u00e3o\npodem contribuir para amenizar os efeitos da pandemia. <\/p>\n\n\n\n<p>A iniciativa tem como objetivo\narrecadar e doar alimentos para as fam\u00edlias necessitadas, atrav\u00e9s da Campanha\nCongo Solid\u00e1rio. As principais delibera\u00e7\u00f5es do grupo foram que:<\/p>\n\n\n\n<p>1 \u2013 A igreja cat\u00f3lica e igrejas evang\u00e9licas\npresentes na reuni\u00e3o ser\u00e3o respons\u00e1veis pela arrecada\u00e7\u00e3o de doa\u00e7\u00f5es de\nalimentos realizadas pela popula\u00e7\u00e3o;<\/p>\n\n\n\n<p>2 \u2013 As igrejas tamb\u00e9m ser\u00e3o\nrespons\u00e1veis pela entrega dos alimentos \u00e0s fam\u00edlias mais necessitadas;<\/p>\n\n\n\n<p>3 \u2013 As lideran\u00e7as pol\u00edticas\npresentes na reuni\u00e3o afirmaram o compromisso de doar uma parte de seu sal\u00e1rio\npara aquisi\u00e7\u00e3o de alimentos que tamb\u00e9m ser\u00e3o distribu\u00eddos pelas igrejas;<\/p>\n\n\n\n<p>4 \u2013 Para aqueles que preferem\ncontribuir com dinheiro, ser\u00e1 criada uma vaquinha virtual que tamb\u00e9m ajudar\u00e1 na\narrecada\u00e7\u00e3o de doa\u00e7\u00e3o de quem residem em localidades; <\/p>\n\n\n\n<p>5 \u2013 A distribui\u00e7\u00e3o dos alimentos\nser\u00e1 de forma natural, como as igrejas j\u00e1 fazem, para evitar qualquer tipo de\naglomera\u00e7\u00f5es. O diferencial \u00e9 a campanha de arrecada\u00e7\u00e3o de populares e de\nlideran\u00e7as, que vai contribuir com o aumento da a\u00e7\u00e3o de solidariedade;<\/p>\n\n\n\n<p>6 \u2013 As compras de alimentos com dinheiro arrecadados atrav\u00e9s das doa\u00e7\u00f5es prioritariamente devem ser realizadas dentro do munic\u00edpio, para fortalecer os pequenos neg\u00f3cios e produtores locais. <\/p>\n\n\n\n<figure class=\"wp-block-image size-large\"><img fetchpriority=\"high\" decoding=\"async\" width=\"1024\" height=\"604\" src=\"http:\/\/www.caririemacao.com\/1\/wp-content\/uploads\/2020\/03\/WhatsApp-Image-2020-03-29-at-11.03.48-1-1024x604.jpeg\" alt=\"\" class=\"wp-image-160966\" srcset=\"https:\/\/www.caririemacao.com\/1\/wp-content\/uploads\/2020\/03\/WhatsApp-Image-2020-03-29-at-11.03.48-1-1024x604.jpeg 1024w, https:\/\/www.caririemacao.com\/1\/wp-content\/uploads\/2020\/03\/WhatsApp-Image-2020-03-29-at-11.03.48-1-300x177.jpeg 300w, https:\/\/www.caririemacao.com\/1\/wp-content\/uploads\/2020\/03\/WhatsApp-Image-2020-03-29-at-11.03.48-1-768x453.jpeg 768w, https:\/\/www.caririemacao.com\/1\/wp-content\/uploads\/2020\/03\/WhatsApp-Image-2020-03-29-at-11.03.48-1.jpeg 1280w\" sizes=\"(max-width: 1024px) 100vw, 1024px\" \/><\/figure>\n\n\n\n<p>Estavam presentes na reuni\u00e3o, o vice-prefeito Rozem\u00e1rio Sousa, os vereadores Lenilson Bezerra (presidente da C\u00e2mara), Juc\u00e9lio Quintans, Aderaldo Pereira, Fabiano Fernandes (Bolachinha), a ex-primeira-dama Fl\u00e1via Sousa, que representou o ex-prefeito Romualdo. J\u00e1 representando a Igreja Cat\u00f3lica, o Senhor Jos\u00e9 Carlos; representando as Igrejas Evang\u00e9licas: o senhor Josildo Beroaldo (Didi), Pastor Ivanilson, Pastor Nildo, Irm\u00e3o Jos\u00e9 e a Mission\u00e1ria M\u00f4nica. <\/p>\n\n\n\n<p>O vereador Jorge Bedeu e os pastores\ndas Igrejas Assembleia de Madureira, Plenitude e&nbsp; Jesus Cristo \u00e9 o Senhor, n\u00e3o estiveram\npresentes na reuni\u00e3o, mas se comprometeram em apoiar a campanha.<\/p>\n\n\n\n<p>No planejamento das a\u00e7\u00f5es, autoridades citaram o grupo de ciclistas do Congo, como exemplo de iniciativa solid\u00e1ria, quando os mesmos fizeram uma campanha para arrecadar ajuda para a popula\u00e7\u00e3o de S\u00e3o Sebasti\u00e3o do Umbuzeiro que vem sofrendo com os efeitos causados pelo rompimento de barragens e inunda\u00e7\u00f5es da cidade. <\/p>\n\n\n\n<figure class=\"wp-block-image size-large\"><img decoding=\"async\" width=\"1024\" height=\"576\" data-src=\"http:\/\/www.caririemacao.com\/1\/wp-content\/uploads\/2020\/03\/WhatsApp-Image-2020-03-29-at-11.03.48-1024x576.jpeg\" alt=\"\" class=\"wp-image-160967 lazyload\" data-srcset=\"https:\/\/www.caririemacao.com\/1\/wp-content\/uploads\/2020\/03\/WhatsApp-Image-2020-03-29-at-11.03.48-1024x576.jpeg 1024w, https:\/\/www.caririemacao.com\/1\/wp-content\/uploads\/2020\/03\/WhatsApp-Image-2020-03-29-at-11.03.48-300x169.jpeg 300w, https:\/\/www.caririemacao.com\/1\/wp-content\/uploads\/2020\/03\/WhatsApp-Image-2020-03-29-at-11.03.48-768x432.jpeg 768w, https:\/\/www.caririemacao.com\/1\/wp-content\/uploads\/2020\/03\/WhatsApp-Image-2020-03-29-at-11.03.48.jpeg 1280w\" data-sizes=\"(max-width: 1024px) 100vw, 1024px\" src=\"data:image\/svg+xml;base64,PHN2ZyB3aWR0aD0iMSIgaGVpZ2h0PSIxIiB4bWxucz0iaHR0cDovL3d3dy53My5vcmcvMjAwMC9zdmciPjwvc3ZnPg==\" style=\"--smush-placeholder-width: 1024px; --smush-placeholder-aspect-ratio: 1024\/576;\" \/><\/figure>\n\n\n\n<p>As lideran\u00e7as enfatizaram a\nimport\u00e2ncia desse e de outros grupos de jovens para apoiar a Campanha Congo\nSolid\u00e1rio.<\/p>\n\n\n\n<p>Al\u00e9m dos encaminhamentos as\nlideran\u00e7as presentes, fizeram o apelo para que a popula\u00e7\u00e3o obede\u00e7a \u00e0s\ndetermina\u00e7\u00f5es de isolamento social, que fiquem em casa, como medida de nos\nprotegermos, cuidar da nossa fam\u00edlia e do nosso munic\u00edpio. <\/p>\n","protected":false},"excerpt":{"rendered":"<p>Na tarde desse s\u00e1bado, dia 28 de mar\u00e7o, lideran\u00e7as pol\u00edticas e religiosas do munic\u00edpio do Congo se uniram para planejar a\u00e7\u00f5es de enfrentamento ao per\u00edodo&hellip; <\/p>\n","protected":false},"author":1,"featured_media":160969,"comment_status":"closed","ping_status":"closed","sticky":false,"template":"","format":"standard","meta":{"sfsi_plus_gutenberg_text_before_share":"","sfsi_plus_gutenberg_show_text_before_share":"","sfsi_plus_gutenberg_icon_type":"","sfsi_plus_gutenberg_icon_alignemt":"","sfsi_plus_gutenburg_max_per_row":"","footnotes":""},"categories":[6,50],"tags":[],"class_list":["post-160964","post","type-post","status-publish","format-standard","has-post-thumbnail","hentry","category-cidades","category-destaque"],"_links":{"self":[{"href":"https:\/\/www.caririemacao.com\/1\/wp-json\/wp\/v2\/posts\/160964","targetHints":{"allow":["GET"]}}],"collection":[{"href":"https:\/\/www.caririemacao.com\/1\/wp-json\/wp\/v2\/posts"}],"about":[{"href":"https:\/\/www.caririemacao.com\/1\/wp-json\/wp\/v2\/types\/post"}],"author":[{"embeddable":true,"href":"https:\/\/www.caririemacao.com\/1\/wp-json\/wp\/v2\/users\/1"}],"replies":[{"embeddable":true,"href":"https:\/\/www.caririemacao.com\/1\/wp-json\/wp\/v2\/comments?post=160964"}],"version-history":[{"count":2,"href":"https:\/\/www.caririemacao.com\/1\/wp-json\/wp\/v2\/posts\/160964\/revisions"}],"predecessor-version":[{"id":160970,"href":"https:\/\/www.caririemacao.com\/1\/wp-json\/wp\/v2\/posts\/160964\/revisions\/160970"}],"wp:featuredmedia":[{"embeddable":true,"href":"https:\/\/www.caririemacao.com\/1\/wp-json\/wp\/v2\/media\/160969"}],"wp:attachment":[{"href":"https:\/\/www.caririemacao.com\/1\/wp-json\/wp\/v2\/media?parent=160964"}],"wp:term":[{"taxonomy":"category","embeddable":true,"href":"https:\/\/www.caririemacao.com\/1\/wp-json\/wp\/v2\/categories?post=160964"},{"taxonomy":"post_tag","embeddable":true,"href":"https:\/\/www.caririemacao.com\/1\/wp-json\/wp\/v2\/tags?post=160964"}],"curies":[{"name":"wp","href":"https:\/\/api.w.org\/{rel}","templated":true}]}}