{"id":160974,"date":"2020-03-30T06:34:15","date_gmt":"2020-03-30T09:34:15","guid":{"rendered":"http:\/\/www.caririemacao.com\/1\/?p=160974"},"modified":"2020-03-30T06:34:16","modified_gmt":"2020-03-30T09:34:16","slug":"ministro-da-economia-fomos-atingidos-por-um-meteoro-e-vamos-combate-lo","status":"publish","type":"post","link":"https:\/\/www.caririemacao.com\/1\/2020\/03\/30\/ministro-da-economia-fomos-atingidos-por-um-meteoro-e-vamos-combate-lo\/","title":{"rendered":"Ministro da Economia: \u201cFomos atingidos por um meteoro e vamos combat\u00ea-lo\u201d"},"content":{"rendered":"\n<p>O ministro da Economia Paulo Guedes afirmou n\u00e3o haver dados, nem na sua pasta, nem no Minist\u00e9rio da Sa\u00fade, para sustentar que j\u00e1 chegou o momento de relaxar as medidas de restri\u00e7\u00f5es \u00e0 circula\u00e7\u00e3o para combater o coronav\u00edrus no pa\u00eds.<\/p>\n\n\n\n<p>Segundo Guedes, \u00e9 poss\u00edvel manter a quarentena por um tempo, se algumas atividades b\u00e1sicas de de abastecimento de alimentos e produtos m\u00e9dicos estiverem funcionando.<\/p>\n\n\n\n<p>O posicionamento foi reafirmado pelo ministro em dois momentos distintos no final de semana. No s\u00e1bado (28), durante de videoconfer\u00eancia com representantes da XP Investimentos, e no domingo (29), tamb\u00e9m por videoconfer\u00eancia, mas desta vez com prefeitos da Confedera\u00e7\u00e3o Nacional de Munic\u00edpios (CNM).<\/p>\n\n\n\n<p>\u201cEu como economista gostaria que n\u00f3s pud\u00e9ssemos manter a produ\u00e7\u00e3o e voltar mais r\u00e1pido. Eu como cidad\u00e3o, seguindo o conhecimento do pessoal da sa\u00fade, ao contr\u00e1rio, quero ficar em casa e manter o isolamento\u201d, afirmou Guedes aos prefeitos.<\/p>\n\n\n\n<p>A declara\u00e7\u00e3o vai no sentido contr\u00e1rio da atitude do presidente Jair Bolsonaro. Na manh\u00e3 deste domingo, ele saiu da resid\u00eancia oficial, o Pal\u00e1cio da Alvorada, em Bras\u00edlia, para visitar pontos de com\u00e9rcio local e o Hospital das For\u00e7as Armadas (HFA).<\/p>\n\n\n\n<p>A passagem de Bolsonaro a diferentes pontos de Bras\u00edlia causou aglomera\u00e7\u00e3o de pessoas, no momento em que a OMS (Organiza\u00e7\u00e3o Mundial da Sa\u00fade) recomenda isolamento para evitar o cont\u00e1gio da doen\u00e7a.<\/p>\n\n\n\n<p>Guedes, disse que o per\u00edodo de isolamento como medida de combate \u00e0 pandemia pode ser mantido por dois ou tr\u00eas meses, mas que depois desse per\u00edodo \u00e9 preciso liberar as pessoas para o trabalho sob o risco de desmontar o pa\u00eds,<\/p>\n\n\n\n<p>\u201cEsse equil\u00edbrio \u00e9 dif\u00edcil. Coisa de dois, tr\u00eas meses vai rachar para um lado ou para o outro. Ou funciona o isolamento em dois meses ou vai ter que liberar, porque a economia n\u00e3o pode parar tamb\u00e9m, sen\u00e3o desmonta o Brasil todo\u201d, disse Guedes.<\/p>\n\n\n\n<p>O ministro refor\u00e7ou ainda que atividades essenciais mant\u00eam a economia operando num n\u00edvel adequado para o momento.<\/p>\n\n\n\n<p>\u201cA Tereza [Cristina, ministra da Agricultura] e o Tarc\u00edsio [de Freitas, dos Transportes) est\u00e3o fazendo bel\u00edssimo trabalho. Se a linha b\u00e1sica de alimenta\u00e7\u00e3o, suprimento, rem\u00e9dio funcionar, pedir comida em casa\u201d, disse Guedes.<\/p>\n\n\n\n<p>\u201cSe isso pelo menos funcionar, voc\u00ea estica um pouco. Aguenta um ou dois meses. Aguente tr\u00eas meses sem o colapso completo da economia. Passou dos dois meses e meio, tr\u00eas meses, a economia come\u00e7a a se desorganizar\u201d, afirmou.<\/p>\n\n\n\n<p>No s\u00e1bado, em videoconfer\u00eancia com representantes da XP, que tem empres\u00e1rios como ouvintes, Guedes refor\u00e7ou n\u00e3o haver dados para sustentar o fim do isolamento neste momento, como defende alguns empres\u00e1rios, em especial do setor de varejo que querem reabertura das lojas o quanto antes.<\/p>\n\n\n\n<p>\u201cQuando o isolamento \u00e9 \u00f3timo? Eu n\u00e3o me arrisco em assuntos de sa\u00fade. N\u00e3o \u00e9 a minha especialidade. Voc\u00ea me perguntou se j\u00e1 h\u00e1 um entendimento entre o Minist\u00e9rio da Economia e da Sa\u00fade sobre a quest\u00e3o. N\u00e3o temos conhecimento de sa\u00fade para saber se o isolamento deve ser de duas ou tr\u00eas semanas, se isso quebra a onda, ou dois ou tr\u00eas meses\u201d, disse.<\/p>\n\n\n\n<p>Guedes afirmou ainda que a briga pol\u00edtica em torno da quest\u00e3o \u2013gerada ap\u00f3s o presidente da Rep\u00fablica atacar os governadores\u2013 mostra que n\u00e3o h\u00e1 um acordo das autoridades sobre a quest\u00e3o.<\/p>\n\n\n\n<p>\u201cN\u00f3s sab\u00edamos, est\u00e1vamos claramente a favor do isolamento no in\u00edcio, ningu\u00e9m tinha d\u00favida disso. Num primeiro momento, o isolamento \u00e9 importante. Agora, se for um isolamento longo demais \u00e9 uma cat\u00e1strofe econ\u00f4mica. Se for curto demais, \u00e9 uma cat\u00e1strofe de sa\u00fade p\u00fablica.\u201d<\/p>\n\n\n\n<p>O ministro afirmou que o tempo de restri\u00e7\u00e3o exigido pelas quest\u00f5es de sa\u00fade ser\u00e1, provavelmente, maior que o tempo que as empresas podem aguentar. Pesquisa da XP apresentada ao ministro mostrou que 60% das empresas consultadas disseram que n\u00e3o conseguem ficar paradas por um per\u00edodo de 30 a 60 dias.<\/p>\n\n\n\n<p>\u201cSe precisa de tr\u00eas meses, do ponto de vista de sa\u00fade, e do ponto de vista econ\u00f4mico depois de dois meses todo mundo vai abrir o bico. Quer dizer: o fim do lockdown [bloqueio] tem de come\u00e7ar um pouco antes do que a Sa\u00fade acha e um pouco depois, talvez, do que a Economia pense\u201d, diz.<\/p>\n\n\n\n<p>Perguntado sobre o risco de ele deixar o governo, Guedes foi enf\u00e1tico. Negou estar demission\u00e1rio, afirmou n\u00e3o estar doente e disse ter ficado sumido na semana passada por conta do ritmo intenso de reuni\u00f5es sobre medidas econ\u00f4micas.<\/p>\n\n\n\n<p>\u201cIsso \u00e9 conversa fiada. Esquece. Conversa fiada total, o presidente tem total confian\u00e7a no meu trabalho, fomos atingidos por um meteoro, mas vamos combater o meteoro. N\u00e3o tem esse neg\u00f3cio de sair, como vou deixar o pa\u00eds no momento mais grave.<br><\/p>\n","protected":false},"excerpt":{"rendered":"<p>O ministro da Economia Paulo Guedes afirmou n\u00e3o haver dados, nem na sua pasta, nem no Minist\u00e9rio da Sa\u00fade, para sustentar que j\u00e1 chegou o&hellip; <\/p>\n","protected":false},"author":2,"featured_media":153661,"comment_status":"closed","ping_status":"closed","sticky":false,"template":"","format":"standard","meta":{"sfsi_plus_gutenberg_text_before_share":"","sfsi_plus_gutenberg_show_text_before_share":"","sfsi_plus_gutenberg_icon_type":"","sfsi_plus_gutenberg_icon_alignemt":"","sfsi_plus_gutenburg_max_per_row":"","footnotes":""},"categories":[11],"tags":[],"class_list":["post-160974","post","type-post","status-publish","format-standard","has-post-thumbnail","hentry","category-politica"],"_links":{"self":[{"href":"https:\/\/www.caririemacao.com\/1\/wp-json\/wp\/v2\/posts\/160974","targetHints":{"allow":["GET"]}}],"collection":[{"href":"https:\/\/www.caririemacao.com\/1\/wp-json\/wp\/v2\/posts"}],"about":[{"href":"https:\/\/www.caririemacao.com\/1\/wp-json\/wp\/v2\/types\/post"}],"author":[{"embeddable":true,"href":"https:\/\/www.caririemacao.com\/1\/wp-json\/wp\/v2\/users\/2"}],"replies":[{"embeddable":true,"href":"https:\/\/www.caririemacao.com\/1\/wp-json\/wp\/v2\/comments?post=160974"}],"version-history":[{"count":1,"href":"https:\/\/www.caririemacao.com\/1\/wp-json\/wp\/v2\/posts\/160974\/revisions"}],"predecessor-version":[{"id":160975,"href":"https:\/\/www.caririemacao.com\/1\/wp-json\/wp\/v2\/posts\/160974\/revisions\/160975"}],"wp:featuredmedia":[{"embeddable":true,"href":"https:\/\/www.caririemacao.com\/1\/wp-json\/wp\/v2\/media\/153661"}],"wp:attachment":[{"href":"https:\/\/www.caririemacao.com\/1\/wp-json\/wp\/v2\/media?parent=160974"}],"wp:term":[{"taxonomy":"category","embeddable":true,"href":"https:\/\/www.caririemacao.com\/1\/wp-json\/wp\/v2\/categories?post=160974"},{"taxonomy":"post_tag","embeddable":true,"href":"https:\/\/www.caririemacao.com\/1\/wp-json\/wp\/v2\/tags?post=160974"}],"curies":[{"name":"wp","href":"https:\/\/api.w.org\/{rel}","templated":true}]}}