{"id":160986,"date":"2020-03-30T06:57:41","date_gmt":"2020-03-30T09:57:41","guid":{"rendered":"http:\/\/www.caririemacao.com\/1\/?p=160986"},"modified":"2020-03-30T06:57:43","modified_gmt":"2020-03-30T09:57:43","slug":"novo-balanco-oficial-aponta-mais-mortes-pelo-novo-coronavirus-no-brasil","status":"publish","type":"post","link":"https:\/\/www.caririemacao.com\/1\/2020\/03\/30\/novo-balanco-oficial-aponta-mais-mortes-pelo-novo-coronavirus-no-brasil\/","title":{"rendered":"Novo balan\u00e7o oficial aponta mais mortes pelo novo coronav\u00edrus no Brasil"},"content":{"rendered":"\n<p>&nbsp;O n\u00famero de mortes pelo novo coronav\u00edrus no Brasil subiu para 136 neste domingo (29), segundo dados do Minist\u00e9rio da Sa\u00fade.<\/p>\n\n\n\n<p>Em 24 horas, 22 pessoas morreram em decorr\u00eancia da Covid19. No s\u00e1bado, eram 114 mortes. O pa\u00eds registra 4.256 casos da doen\u00e7a.<\/p>\n\n\n\n<p>O n\u00famero de registros representa um salto de 9% com rela\u00e7\u00e3o ao s\u00e1bado, quando eram contabilizados 3.904 casos. Com rela\u00e7\u00e3o aos casos confirmados, a mortalidade da doen\u00e7a \u00e9 de 3,2% no pa\u00eds.<\/p>\n","protected":false},"excerpt":{"rendered":"<p>&nbsp;O n\u00famero de mortes pelo novo coronav\u00edrus no Brasil subiu para 136 neste domingo (29), segundo dados do Minist\u00e9rio da Sa\u00fade. Em 24 horas, 22&hellip; <\/p>\n","protected":false},"author":2,"featured_media":160987,"comment_status":"closed","ping_status":"closed","sticky":false,"template":"","format":"standard","meta":{"sfsi_plus_gutenberg_text_before_share":"","sfsi_plus_gutenberg_show_text_before_share":"","sfsi_plus_gutenberg_icon_type":"","sfsi_plus_gutenberg_icon_alignemt":"","sfsi_plus_gutenburg_max_per_row":"","footnotes":""},"categories":[2],"tags":[],"class_list":["post-160986","post","type-post","status-publish","format-standard","has-post-thumbnail","hentry","category-geral"],"_links":{"self":[{"href":"https:\/\/www.caririemacao.com\/1\/wp-json\/wp\/v2\/posts\/160986","targetHints":{"allow":["GET"]}}],"collection":[{"href":"https:\/\/www.caririemacao.com\/1\/wp-json\/wp\/v2\/posts"}],"about":[{"href":"https:\/\/www.caririemacao.com\/1\/wp-json\/wp\/v2\/types\/post"}],"author":[{"embeddable":true,"href":"https:\/\/www.caririemacao.com\/1\/wp-json\/wp\/v2\/users\/2"}],"replies":[{"embeddable":true,"href":"https:\/\/www.caririemacao.com\/1\/wp-json\/wp\/v2\/comments?post=160986"}],"version-history":[{"count":1,"href":"https:\/\/www.caririemacao.com\/1\/wp-json\/wp\/v2\/posts\/160986\/revisions"}],"predecessor-version":[{"id":160988,"href":"https:\/\/www.caririemacao.com\/1\/wp-json\/wp\/v2\/posts\/160986\/revisions\/160988"}],"wp:featuredmedia":[{"embeddable":true,"href":"https:\/\/www.caririemacao.com\/1\/wp-json\/wp\/v2\/media\/160987"}],"wp:attachment":[{"href":"https:\/\/www.caririemacao.com\/1\/wp-json\/wp\/v2\/media?parent=160986"}],"wp:term":[{"taxonomy":"category","embeddable":true,"href":"https:\/\/www.caririemacao.com\/1\/wp-json\/wp\/v2\/categories?post=160986"},{"taxonomy":"post_tag","embeddable":true,"href":"https:\/\/www.caririemacao.com\/1\/wp-json\/wp\/v2\/tags?post=160986"}],"curies":[{"name":"wp","href":"https:\/\/api.w.org\/{rel}","templated":true}]}}