{"id":160999,"date":"2020-03-30T07:04:34","date_gmt":"2020-03-30T10:04:34","guid":{"rendered":"http:\/\/www.caririemacao.com\/1\/?p=160999"},"modified":"2020-03-30T07:04:36","modified_gmt":"2020-03-30T10:04:36","slug":"deus-e-brasileiro-e-a-cura-ta-ai-diz-bolsonaro-sobre-remedio-ainda-em-teste-contra-covid-19","status":"publish","type":"post","link":"https:\/\/www.caririemacao.com\/1\/2020\/03\/30\/deus-e-brasileiro-e-a-cura-ta-ai-diz-bolsonaro-sobre-remedio-ainda-em-teste-contra-covid-19\/","title":{"rendered":"&#8216;Deus \u00e9 brasileiro e a cura t\u00e1 a\u00ed&#8217;, diz Bolsonaro sobre rem\u00e9dio ainda em teste contra Covid-19"},"content":{"rendered":"\n<p>Em seu passeio &#8220;aleat\u00f3rio&#8221; pelas cidades-sat\u00e9lites de Bras\u00edlia na manh\u00e3 deste domingo, o presidente Jair Bolsonaro insistiu em propagar as supostas virtudes da hidroxicloroquina no combate \u00e0 Covid-19, mesmo sem embasamento cient\u00edfico que justifique isso.<\/p>\n\n\n\n<p>\u2014 A gripe (a Covid-19), para as pessoas do grupo de risco, ela pode ser grave, mas est\u00e1 a\u00ed a hidroxicloroquina. Tem estudos j\u00e1 da Fran\u00e7a, chegou para mim agora. Aqui no Brasil, est\u00e1 sendo aplicada em v\u00e1rios hospitais. A Anvisa assinou protocolo de pesquisa, na \u00faltima quinta-feira, com o (hospital) Albert Einstein, daqui a pouco eles v\u00e3o demonstrar a realidade. Gra\u00e7as a Deus, Deus \u00e9 brasileiro, a cura t\u00e1 a\u00ed \u2014 disse Bolsonaro, sendo saudado por populares.<\/p>\n\n\n\n<p>A realidade demonstrada at\u00e9 agora por cientistas desautoriza o est\u00edmulo ao uso do medicamento contra o Sars-CoV-2.<\/p>\n\n\n\n<p>Estudos iniciais, publicados em revistas acad\u00eamicas de EUA, China e Fran\u00e7a, de fato apontam que as drogas cloroquina e hidroxicloroquina, atualmente usadas no tratamento da mal\u00e1ria e de doen\u00e7as reumatol\u00f3gicas, apresentaram resultados promissores na inibi\u00e7\u00e3o do novo coronav\u00edrus.<\/p>\n\n\n\n<p>No entanto, foram feitos testes em apenas poucas dezenas de humanos e, por isso, existe um logo caminho de experimentos at\u00e9 que ela seja liberada para o novo uso.<\/p>\n\n\n\n<p>O Minist\u00e9rio da Sa\u00fade j\u00e1 advertiu os brasileiros para que n\u00e3o comprem os rem\u00e9dios nas farm\u00e1cias, tanto pelos riscos \u00e0 sa\u00fade quanto por reduzir a disponibilidade deles para pacientes que realmente precisam us\u00e1-los.<\/p>\n\n\n\n<p>\u2014 Os dados s\u00e3o promissores, existe uma plausibilidade biol\u00f3gica de que esse mecanismo de a\u00e7\u00e3o fa\u00e7a sentido, s\u00f3 que os estudos ainda s\u00e3o insuficientes \u2014 afirmou Denizar Vianna, secret\u00e1rio de Ci\u00eancia e Tecnologia da pasta, em entrevista coletiva no \u00faltimo dia 19.<\/p>\n\n\n\n<p>A falta de evid\u00eancias cient\u00edficas robustas n\u00e3o tem impedido o presidente de difundir os medicamentos como panaceia contra a Covid-19.<\/p>\n\n\n\n<p>\u2014 A cloroquina est\u00e1 dando certo em tudo que \u00e9 lugar \u2014 afirmou Bolsonaro, em di\u00e1logo com um vendedor ambulante, durante seu passeio na manh\u00e3 deste domingo.<\/p>\n\n\n\n<p>Ao menos uma morte em consequ\u00eancia do uso inadequado da hidroxicloroquina j\u00e1 foi registrada, nos Estados Unidos.<\/p>\n\n\n\n<p>\u2014 Este tipo de medicamento apresenta alta toxicidade, e o uso irrestrito poderia causar outros danos \u00e0 sa\u00fade. A real efici\u00eancia n\u00e3o foi comprovada \u2014 diz Flavio Emery, professor da USP e presidente da Associa\u00e7\u00e3o Brasileira de Ci\u00eancias Farmac\u00eauticas.<br><\/p>\n","protected":false},"excerpt":{"rendered":"<p>Em seu passeio &#8220;aleat\u00f3rio&#8221; pelas cidades-sat\u00e9lites de Bras\u00edlia na manh\u00e3 deste domingo, o presidente Jair Bolsonaro insistiu em propagar as supostas virtudes da hidroxicloroquina no&hellip; <\/p>\n","protected":false},"author":2,"featured_media":161000,"comment_status":"closed","ping_status":"closed","sticky":false,"template":"","format":"standard","meta":{"sfsi_plus_gutenberg_text_before_share":"","sfsi_plus_gutenberg_show_text_before_share":"","sfsi_plus_gutenberg_icon_type":"","sfsi_plus_gutenberg_icon_alignemt":"","sfsi_plus_gutenburg_max_per_row":"","footnotes":""},"categories":[11],"tags":[],"class_list":["post-160999","post","type-post","status-publish","format-standard","has-post-thumbnail","hentry","category-politica"],"_links":{"self":[{"href":"https:\/\/www.caririemacao.com\/1\/wp-json\/wp\/v2\/posts\/160999","targetHints":{"allow":["GET"]}}],"collection":[{"href":"https:\/\/www.caririemacao.com\/1\/wp-json\/wp\/v2\/posts"}],"about":[{"href":"https:\/\/www.caririemacao.com\/1\/wp-json\/wp\/v2\/types\/post"}],"author":[{"embeddable":true,"href":"https:\/\/www.caririemacao.com\/1\/wp-json\/wp\/v2\/users\/2"}],"replies":[{"embeddable":true,"href":"https:\/\/www.caririemacao.com\/1\/wp-json\/wp\/v2\/comments?post=160999"}],"version-history":[{"count":1,"href":"https:\/\/www.caririemacao.com\/1\/wp-json\/wp\/v2\/posts\/160999\/revisions"}],"predecessor-version":[{"id":161001,"href":"https:\/\/www.caririemacao.com\/1\/wp-json\/wp\/v2\/posts\/160999\/revisions\/161001"}],"wp:featuredmedia":[{"embeddable":true,"href":"https:\/\/www.caririemacao.com\/1\/wp-json\/wp\/v2\/media\/161000"}],"wp:attachment":[{"href":"https:\/\/www.caririemacao.com\/1\/wp-json\/wp\/v2\/media?parent=160999"}],"wp:term":[{"taxonomy":"category","embeddable":true,"href":"https:\/\/www.caririemacao.com\/1\/wp-json\/wp\/v2\/categories?post=160999"},{"taxonomy":"post_tag","embeddable":true,"href":"https:\/\/www.caririemacao.com\/1\/wp-json\/wp\/v2\/tags?post=160999"}],"curies":[{"name":"wp","href":"https:\/\/api.w.org\/{rel}","templated":true}]}}