{"id":161013,"date":"2020-03-30T09:05:25","date_gmt":"2020-03-30T12:05:25","guid":{"rendered":"http:\/\/www.caririemacao.com\/1\/?p=161013"},"modified":"2020-03-30T09:05:27","modified_gmt":"2020-03-30T12:05:27","slug":"fuzil-roubado-de-viatura-da-pm-e-recuperado-quando-estava-sendo-comercializado-por-r-20-mil-na-paraiba","status":"publish","type":"post","link":"https:\/\/www.caririemacao.com\/1\/2020\/03\/30\/fuzil-roubado-de-viatura-da-pm-e-recuperado-quando-estava-sendo-comercializado-por-r-20-mil-na-paraiba\/","title":{"rendered":"Fuzil roubado de viatura da PM \u00e9 recuperado quando estava sendo comercializado por R$ 20 mil na Para\u00edba"},"content":{"rendered":"\n<p>Um fuzil que foi roubado na madrugada da \u00faltima sexta-feira (27), de&nbsp;dentro de uma viatura da Pol\u00edcia Militar da Para\u00edba, foi recuperada na tarde deste domingo (29),&nbsp;quando estava sendo comercializada por R$ 20 mil. O principal suspeito do roubo \u00e9 um detento&nbsp;que cumpre pena alternativa e prestava servi\u00e7o na sede do 1\u00ba Batalh\u00e3o de Pol\u00edcia da Para\u00edba.<\/p>\n\n\n\n<p>De acordo com informa\u00e7\u00f5es, imagens das c\u00e2meras de seguran\u00e7a mostram o suspeito entrando por baixo do port\u00e3o lateral. Al\u00e9m do fuzil, ele furtou tamb\u00e9m uma garrafa de caf\u00e9 do guarda.<\/p>\n\n\n\n<p>O caso segue sendo investigado.<\/p>\n","protected":false},"excerpt":{"rendered":"<p>Um fuzil que foi roubado na madrugada da \u00faltima sexta-feira (27), de&nbsp;dentro de uma viatura da Pol\u00edcia Militar da Para\u00edba, foi recuperada na tarde deste&hellip; <\/p>\n","protected":false},"author":2,"featured_media":161014,"comment_status":"closed","ping_status":"closed","sticky":false,"template":"","format":"standard","meta":{"sfsi_plus_gutenberg_text_before_share":"","sfsi_plus_gutenberg_show_text_before_share":"","sfsi_plus_gutenberg_icon_type":"","sfsi_plus_gutenberg_icon_alignemt":"","sfsi_plus_gutenburg_max_per_row":"","footnotes":""},"categories":[12],"tags":[],"class_list":["post-161013","post","type-post","status-publish","format-standard","has-post-thumbnail","hentry","category-policia"],"_links":{"self":[{"href":"https:\/\/www.caririemacao.com\/1\/wp-json\/wp\/v2\/posts\/161013","targetHints":{"allow":["GET"]}}],"collection":[{"href":"https:\/\/www.caririemacao.com\/1\/wp-json\/wp\/v2\/posts"}],"about":[{"href":"https:\/\/www.caririemacao.com\/1\/wp-json\/wp\/v2\/types\/post"}],"author":[{"embeddable":true,"href":"https:\/\/www.caririemacao.com\/1\/wp-json\/wp\/v2\/users\/2"}],"replies":[{"embeddable":true,"href":"https:\/\/www.caririemacao.com\/1\/wp-json\/wp\/v2\/comments?post=161013"}],"version-history":[{"count":1,"href":"https:\/\/www.caririemacao.com\/1\/wp-json\/wp\/v2\/posts\/161013\/revisions"}],"predecessor-version":[{"id":161015,"href":"https:\/\/www.caririemacao.com\/1\/wp-json\/wp\/v2\/posts\/161013\/revisions\/161015"}],"wp:featuredmedia":[{"embeddable":true,"href":"https:\/\/www.caririemacao.com\/1\/wp-json\/wp\/v2\/media\/161014"}],"wp:attachment":[{"href":"https:\/\/www.caririemacao.com\/1\/wp-json\/wp\/v2\/media?parent=161013"}],"wp:term":[{"taxonomy":"category","embeddable":true,"href":"https:\/\/www.caririemacao.com\/1\/wp-json\/wp\/v2\/categories?post=161013"},{"taxonomy":"post_tag","embeddable":true,"href":"https:\/\/www.caririemacao.com\/1\/wp-json\/wp\/v2\/tags?post=161013"}],"curies":[{"name":"wp","href":"https:\/\/api.w.org\/{rel}","templated":true}]}}