{"id":161021,"date":"2020-03-30T09:14:45","date_gmt":"2020-03-30T12:14:45","guid":{"rendered":"http:\/\/www.caririemacao.com\/1\/?p=161021"},"modified":"2020-03-30T09:14:47","modified_gmt":"2020-03-30T12:14:47","slug":"trump-volta-atras-e-pede-que-populacao-fique-em-casa","status":"publish","type":"post","link":"https:\/\/www.caririemacao.com\/1\/2020\/03\/30\/trump-volta-atras-e-pede-que-populacao-fique-em-casa\/","title":{"rendered":"Trump volta atr\u00e1s e pede que popula\u00e7\u00e3o fique em casa"},"content":{"rendered":"\n<p>O presidente dos Estados Unidos (EUA), Donald Trump, mudou de discurso e pediu, neste domingo (29), para a popula\u00e7\u00e3o ficar em casa at\u00e9 30 de abril. A diretriz anterior era de encerrar o isolamento na P\u00e1scoa, no dia 12.<\/p>\n\n\n\n<p>Trump vinha defendendo o afrouxamento das medidas de isolamento e chegou a declarar no s\u00e1bado (28) que uma quarentena n\u00e3o seria necess\u00e1ria em Nova York, New Jersey e Connecticut.<\/p>\n\n\n\n<p>Na coletiva deste domingo, o presidente dos EUA disse tamb\u00e9m que o pico de mortes por coronav\u00edrus no pa\u00eds ser\u00e1 daqui a duas semanas. Os Estados Unidos s\u00e3o o pa\u00eds com mais casos confirmados de coronav\u00edrus. S\u00e3o mais de 2 mil mortes e mais 100 mil casos confirmados, segundo levantamento da Universidade Johns Hopkins.<\/p>\n\n\n\n<p>Trump defendeu a flexibiliza\u00e7\u00e3o do isolamento em diversos momentos. No dia 24 de mar\u00e7o, por exemplo, o presidente dos EUA havia afirmado que a meta do governo, at\u00e9 aquele momento, era retomar aos poucos as atividades no pa\u00eds.<\/p>\n\n\n\n<p>\u201cNossa meta \u00e9 afrouxar as diretrizes e abrir grandes partes do pa\u00eds enquanto nos aproximamos do final desta hist\u00f3rica batalha contra o inimigo invis\u00edvel. Estamos h\u00e1 um tempo nisso, mas vamos vencer, vamos vencer. [&#8230;] &#8220;, disse Trump durante coletiva de imprensa, na ocasi\u00e3o.<\/p>\n\n\n\n<p>J\u00e1 neste domingo, ele afirmou: &#8220;Nada pior do que decretar vit\u00f3ria antes que ela aconte\u00e7a&#8221;.<\/p>\n\n\n\n<p><strong>Teste r\u00e1pido<\/strong><br>Na coletiva deste domingo, Trump prometeu que ir\u00e1 disponibilizar, &#8220;dentro de alguns dias&#8221;, um teste r\u00e1pido para detectar o covid-19. Este teste ser\u00e1 utilizado n\u00e3o somente em pacientes com sintomas graves, como tamb\u00e9m em pessoas com sintomas leves que estejam em atendimento m\u00e9dico. Esses testes ser\u00e3o disponibilizados para todos os hospitais dos EUA.<\/p>\n\n\n\n<p>Neste domingo (29), o infectologista Anthony Fauci, um dos mais respeitados do mundo, declarou em um programa da rede de televis\u00e3o americana CNN que calcula que haver\u00e1 entre 100 e 200 mil mortes por Covid-19 nos Estados Unidos. Fauci faz parte da for\u00e7a-tarefa montada por Trump para tentar conter a doen\u00e7a.<\/p>\n\n\n\n<p>&#8220;Eu diria entre 100 mil e 200 mil casos&#8221;, disse Fauci, que em seguida se corrigiu para dizer que se referia ao n\u00famero de mortes. &#8220;Teremos milh\u00f5es de casos&#8221;, disse, acrescentando que n\u00e3o queria ficar preso aos n\u00fameros porque a pandemia \u00e9 um &#8220;alvo em movimento&#8221;.<\/p>\n","protected":false},"excerpt":{"rendered":"<p>O presidente dos Estados Unidos (EUA), Donald Trump, mudou de discurso e pediu, neste domingo (29), para a popula\u00e7\u00e3o ficar em casa at\u00e9 30 de&hellip; <\/p>\n","protected":false},"author":2,"featured_media":161022,"comment_status":"closed","ping_status":"closed","sticky":false,"template":"","format":"standard","meta":{"sfsi_plus_gutenberg_text_before_share":"","sfsi_plus_gutenberg_show_text_before_share":"","sfsi_plus_gutenberg_icon_type":"","sfsi_plus_gutenberg_icon_alignemt":"","sfsi_plus_gutenburg_max_per_row":"","footnotes":""},"categories":[2],"tags":[],"class_list":["post-161021","post","type-post","status-publish","format-standard","has-post-thumbnail","hentry","category-geral"],"_links":{"self":[{"href":"https:\/\/www.caririemacao.com\/1\/wp-json\/wp\/v2\/posts\/161021","targetHints":{"allow":["GET"]}}],"collection":[{"href":"https:\/\/www.caririemacao.com\/1\/wp-json\/wp\/v2\/posts"}],"about":[{"href":"https:\/\/www.caririemacao.com\/1\/wp-json\/wp\/v2\/types\/post"}],"author":[{"embeddable":true,"href":"https:\/\/www.caririemacao.com\/1\/wp-json\/wp\/v2\/users\/2"}],"replies":[{"embeddable":true,"href":"https:\/\/www.caririemacao.com\/1\/wp-json\/wp\/v2\/comments?post=161021"}],"version-history":[{"count":1,"href":"https:\/\/www.caririemacao.com\/1\/wp-json\/wp\/v2\/posts\/161021\/revisions"}],"predecessor-version":[{"id":161023,"href":"https:\/\/www.caririemacao.com\/1\/wp-json\/wp\/v2\/posts\/161021\/revisions\/161023"}],"wp:featuredmedia":[{"embeddable":true,"href":"https:\/\/www.caririemacao.com\/1\/wp-json\/wp\/v2\/media\/161022"}],"wp:attachment":[{"href":"https:\/\/www.caririemacao.com\/1\/wp-json\/wp\/v2\/media?parent=161021"}],"wp:term":[{"taxonomy":"category","embeddable":true,"href":"https:\/\/www.caririemacao.com\/1\/wp-json\/wp\/v2\/categories?post=161021"},{"taxonomy":"post_tag","embeddable":true,"href":"https:\/\/www.caririemacao.com\/1\/wp-json\/wp\/v2\/tags?post=161021"}],"curies":[{"name":"wp","href":"https:\/\/api.w.org\/{rel}","templated":true}]}}