{"id":161035,"date":"2020-03-30T09:21:53","date_gmt":"2020-03-30T12:21:53","guid":{"rendered":"http:\/\/www.caririemacao.com\/1\/?p=161035"},"modified":"2020-03-30T09:21:54","modified_gmt":"2020-03-30T12:21:54","slug":"bolsonaro-e-alertado-de-que-se-tentar-flexibilizar-isolamento-na-canetada-sofrera-reves-na-justica-2","status":"publish","type":"post","link":"https:\/\/www.caririemacao.com\/1\/2020\/03\/30\/bolsonaro-e-alertado-de-que-se-tentar-flexibilizar-isolamento-na-canetada-sofrera-reves-na-justica-2\/","title":{"rendered":"Bolsonaro \u00e9 alertado de que, se tentar flexibilizar isolamento \u2018na canetada\u2019, sofrer\u00e1 rev\u00e9s na Justi\u00e7a"},"content":{"rendered":"\n<p>O presidente Jair Bolsonaro foi alertado de que, se tentar flexibilizar as regras de isolamento social por conta do novo coronav\u00edrus na \u201ccanetada\u201d, enfrentar\u00e1 uma dif\u00edcil batalha na Justi\u00e7a.<\/p>\n\n\n\n<p>O EXTRA apurou que o recado foi dado ao mandat\u00e1rio do Pal\u00e1cio do Planalto em reuni\u00e3o neste s\u00e1bado da qual participaram o ministro Gilmar Mendes, do Supremo Tribunal Federal, e os ministros da Secretaria-Geral da Presid\u00eancia, Jorge Oliveira, da Advocacia-Geral da Uni\u00e3o, Andr\u00e9 Mendon\u00e7a, e do Desenvolvimento Regional, Rog\u00e9rio Marinho.<\/p>\n\n\n\n<p>A avalia\u00e7\u00e3o levada ao presidente \u00e9 a de que o momento exige uma a\u00e7\u00e3o coordenada entre o governo federal, Estados e munic\u00edpios para controlar o avan\u00e7o da pandemia no pa\u00eds e, ao mesmo tempo, evitar um colapso nos servi\u00e7os e atividade essenciais.<\/p>\n\n\n\n<p>Apesar dos alertas, neste domingo, Bolsonaro decidiu sair do Pal\u00e1cio da Alvorada para o que chamou de tour &#8220;aleat\u00f3rio&#8221; pelo Distrito Federal. O presidente parou em v\u00e1rios pontos para cumprimentar apoiadores.<\/p>\n\n\n\n<p>A visita do presidente a locais com concentra\u00e7\u00e3o de pessoas aconteceu menos de 24 horas ap\u00f3s o ministro da Sa\u00fade, Luiz Henrique Mandetta, defender o distanciamento social neste momento para evitar um colapso do sistema de sa\u00fade.<\/p>\n\n\n\n<p>No Congresso e no Judici\u00e1rio, a avalia\u00e7\u00e3o \u00e9 a de que o presidente \u00e9 \u201cincontrol\u00e1vel\u201d e \u201cincorrig\u00edvel\u201d. Por isso, a ordem \u00e9 a de manter a\u00e7\u00f5es coordenadas com os Estados e munic\u00edpios, tendo com base dados da ci\u00eancia e da medicina.<\/p>\n\n\n\n<p>Ao retornar ao Pal\u00e1cio da Alvorada, Bolsonaro afirmou a jornalistas estar com vontade de ampliar o n\u00famero de atividades que n\u00e3o podem parar durante a crise epidemiol\u00f3gica.<\/p>\n\n\n\n<p>\u2014 Eu estou com vontade, tenho como fazer, estou com vontade: baixar um decreto amanh\u00e3. Toda e qualquer profiss\u00e3o, legalmente, existente ou aquela que \u00e9 voltada para a informalidade, se for necess\u00e1ria para o sustento dos seus filhos, levar o leite dos seus filhos, arroz e feij\u00e3o para sua casa, vai poder trabalhar \u2014 disse Bolsonaro.<\/p>\n\n\n\n<p>\u2014 Me deu um insight, me deu uma ideia aqui agora e falei que estou pensando em fazer um decreto desses, para ver se cabe. Acho que ajuda um decreto desses. O cara vai cortar grama. Se n\u00e3o cortar grama, n\u00e3o tem dinheiro para comprar o leite, arroz e feij\u00e3o para as crian\u00e7as, ele vai cortar grama.<\/p>\n\n\n\n<p>Procurado pelo EXTRA, o governador do Distrito Federal, Ibaneis Rocha (MDB), afirmou que continuar\u00e1 a seguir as recomenda\u00e7\u00f5es do ministro da Sa\u00fade.<\/p>\n\n\n\n<p>\u2014 Prefiro seguir as recomenda\u00e7\u00f5es do Mandetta, que \u00e9 o ministro da Sa\u00fade. Ali\u00e1s, nem sei [qual \u00e9] a forma\u00e7\u00e3o do presidente \u2014 disse.<\/p>\n\n\n\n<p>Ibaneis foi um dos primeiros governadores do pa\u00eds a impor medidas restritivas \u00e0 popula\u00e7\u00e3o, como o fechamento de escolas e do com\u00e9rcio.<\/p>\n\n\n\n<p>O governador do DF disse, ainda, ter ficado \u201cfeliz\u201d em ver o presidente \u201cbem de sa\u00fade\u201d.<\/p>\n\n\n\n<p>\u2014 Afinal, vamos precisar muito dele para cuidar das pessoas e dos empregos. At\u00e9 acho legal esse jeito espont\u00e2neo dele, mas em, quest\u00f5es de sa\u00fade, prefiro os especialistas.<\/p>\n\n\n\n<p>O governador do Piau\u00ed, Wellington Dias (PT), disse ao GLOBO que Bolsonaro \u201ccontinua na l\u00f3gica da sobreviv\u00eancia pol\u00edtica em primeiro lugar\u201d.<\/p>\n\n\n\n<p>\u2014 O pre\u00e7o ser\u00e1 muito alto. Se o mau exemplo vem l\u00e1 de cima, quem segura aqui em baixo? Quero saber se ele assume a responsabilidade por cada morte?<\/p>\n","protected":false},"excerpt":{"rendered":"<p>O presidente Jair Bolsonaro foi alertado de que, se tentar flexibilizar as regras de isolamento social por conta do novo coronav\u00edrus na \u201ccanetada\u201d, enfrentar\u00e1 uma&hellip; <\/p>\n","protected":false},"author":2,"featured_media":161037,"comment_status":"closed","ping_status":"closed","sticky":false,"template":"","format":"standard","meta":{"sfsi_plus_gutenberg_text_before_share":"","sfsi_plus_gutenberg_show_text_before_share":"","sfsi_plus_gutenberg_icon_type":"","sfsi_plus_gutenberg_icon_alignemt":"","sfsi_plus_gutenburg_max_per_row":"","footnotes":""},"categories":[2],"tags":[],"class_list":["post-161035","post","type-post","status-publish","format-standard","has-post-thumbnail","hentry","category-geral"],"_links":{"self":[{"href":"https:\/\/www.caririemacao.com\/1\/wp-json\/wp\/v2\/posts\/161035","targetHints":{"allow":["GET"]}}],"collection":[{"href":"https:\/\/www.caririemacao.com\/1\/wp-json\/wp\/v2\/posts"}],"about":[{"href":"https:\/\/www.caririemacao.com\/1\/wp-json\/wp\/v2\/types\/post"}],"author":[{"embeddable":true,"href":"https:\/\/www.caririemacao.com\/1\/wp-json\/wp\/v2\/users\/2"}],"replies":[{"embeddable":true,"href":"https:\/\/www.caririemacao.com\/1\/wp-json\/wp\/v2\/comments?post=161035"}],"version-history":[{"count":1,"href":"https:\/\/www.caririemacao.com\/1\/wp-json\/wp\/v2\/posts\/161035\/revisions"}],"predecessor-version":[{"id":161038,"href":"https:\/\/www.caririemacao.com\/1\/wp-json\/wp\/v2\/posts\/161035\/revisions\/161038"}],"wp:featuredmedia":[{"embeddable":true,"href":"https:\/\/www.caririemacao.com\/1\/wp-json\/wp\/v2\/media\/161037"}],"wp:attachment":[{"href":"https:\/\/www.caririemacao.com\/1\/wp-json\/wp\/v2\/media?parent=161035"}],"wp:term":[{"taxonomy":"category","embeddable":true,"href":"https:\/\/www.caririemacao.com\/1\/wp-json\/wp\/v2\/categories?post=161035"},{"taxonomy":"post_tag","embeddable":true,"href":"https:\/\/www.caririemacao.com\/1\/wp-json\/wp\/v2\/tags?post=161035"}],"curies":[{"name":"wp","href":"https:\/\/api.w.org\/{rel}","templated":true}]}}