{"id":161041,"date":"2020-03-30T09:24:02","date_gmt":"2020-03-30T12:24:02","guid":{"rendered":"http:\/\/www.caririemacao.com\/1\/?p=161041"},"modified":"2020-03-30T09:24:05","modified_gmt":"2020-03-30T12:24:05","slug":"covid-19-no-brasil-na-maioria-das-mortes-pacientes-tinham-doencas-preexistentes","status":"publish","type":"post","link":"https:\/\/www.caririemacao.com\/1\/2020\/03\/30\/covid-19-no-brasil-na-maioria-das-mortes-pacientes-tinham-doencas-preexistentes\/","title":{"rendered":"Covid-19 no Brasil: na maioria das mortes pacientes tinham doen\u00e7as preexistentes"},"content":{"rendered":"\n<p>&nbsp;Balan\u00e7o do Minist\u00e9rio da Sa\u00fade mostra que 84% das mortes no Brasil por coronav\u00edrus s\u00e3o de pessoas com ao menos um fator de risco, como doen\u00e7as preexistentes.<\/p>\n\n\n\n<p>Doen\u00e7as card\u00edacas e diabetes foram as doen\u00e7as associadas mais frequentes \u2013 estavam presentes em 71 e 50 pessoas que morreram, respectivamente. Em seguida, aparecem as pneumopatias (22) e doen\u00e7a neurol\u00f3gica (12).<\/p>\n\n\n\n<p>Os dados da Sa\u00fade levam em conta 120 dos 136 \u00f3bitos registrados no pa\u00eds. Os 16 casos n\u00e3o analisados ainda est\u00e3o em investiga\u00e7\u00e3o dos t\u00e9cnicos da pasta.<\/p>\n\n\n\n<p>O n\u00famero de mortes de Covid associados a quadro de doen\u00e7as pr\u00e9-existentes \u00e9 de 100 dentro do universo observado.<\/p>\n\n\n\n<p>A an\u00e1lise foi feita com base no boletim divulgado pelo Minist\u00e9rio da Sa\u00fade no domingo (29), quando o pa\u00eds registrou 4.256 casos da doen\u00e7a.<\/p>\n\n\n\n<p>O balan\u00e7o mostra ainda que nove em cada dez pessoas que morreram por coronav\u00edrus no Brasil tinham mais de 60 anos. Tamb\u00e9m houve mortes em outras faixas et\u00e1rias.<\/p>\n\n\n\n<p>Entre os 120 casos, 108 foram de pessoas acima de 60 anos, sete de pessoas entre 40 a 59 anos e cinco entre pessoas de 20 a 39 anos.<\/p>\n\n\n\n<p>N\u00e3o h\u00e1 registro de \u00f3bitos de pessoas com menos de 20 anos.<br>Ainda de acordo com o minist\u00e9rio, 60,8 % das mortes ocorreram em homens e 39,2 % em mulheres.<\/p>\n\n\n\n<p>O n\u00famero de hospitaliza\u00e7\u00f5es relacionadas a problemas respirat\u00f3rios chegou a 15.630 casos desde janeiro. Desses, 625 (4%) s\u00e3o ligados ao Covid-19.<\/p>\n","protected":false},"excerpt":{"rendered":"<p>&nbsp;Balan\u00e7o do Minist\u00e9rio da Sa\u00fade mostra que 84% das mortes no Brasil por coronav\u00edrus s\u00e3o de pessoas com ao menos um fator de risco, como&hellip; <\/p>\n","protected":false},"author":2,"featured_media":161042,"comment_status":"closed","ping_status":"closed","sticky":false,"template":"","format":"standard","meta":{"sfsi_plus_gutenberg_text_before_share":"","sfsi_plus_gutenberg_show_text_before_share":"","sfsi_plus_gutenberg_icon_type":"","sfsi_plus_gutenberg_icon_alignemt":"","sfsi_plus_gutenburg_max_per_row":"","footnotes":""},"categories":[2],"tags":[],"class_list":["post-161041","post","type-post","status-publish","format-standard","has-post-thumbnail","hentry","category-geral"],"_links":{"self":[{"href":"https:\/\/www.caririemacao.com\/1\/wp-json\/wp\/v2\/posts\/161041","targetHints":{"allow":["GET"]}}],"collection":[{"href":"https:\/\/www.caririemacao.com\/1\/wp-json\/wp\/v2\/posts"}],"about":[{"href":"https:\/\/www.caririemacao.com\/1\/wp-json\/wp\/v2\/types\/post"}],"author":[{"embeddable":true,"href":"https:\/\/www.caririemacao.com\/1\/wp-json\/wp\/v2\/users\/2"}],"replies":[{"embeddable":true,"href":"https:\/\/www.caririemacao.com\/1\/wp-json\/wp\/v2\/comments?post=161041"}],"version-history":[{"count":1,"href":"https:\/\/www.caririemacao.com\/1\/wp-json\/wp\/v2\/posts\/161041\/revisions"}],"predecessor-version":[{"id":161044,"href":"https:\/\/www.caririemacao.com\/1\/wp-json\/wp\/v2\/posts\/161041\/revisions\/161044"}],"wp:featuredmedia":[{"embeddable":true,"href":"https:\/\/www.caririemacao.com\/1\/wp-json\/wp\/v2\/media\/161042"}],"wp:attachment":[{"href":"https:\/\/www.caririemacao.com\/1\/wp-json\/wp\/v2\/media?parent=161041"}],"wp:term":[{"taxonomy":"category","embeddable":true,"href":"https:\/\/www.caririemacao.com\/1\/wp-json\/wp\/v2\/categories?post=161041"},{"taxonomy":"post_tag","embeddable":true,"href":"https:\/\/www.caririemacao.com\/1\/wp-json\/wp\/v2\/tags?post=161041"}],"curies":[{"name":"wp","href":"https:\/\/api.w.org\/{rel}","templated":true}]}}