{"id":161046,"date":"2020-03-30T09:25:40","date_gmt":"2020-03-30T12:25:40","guid":{"rendered":"http:\/\/www.caririemacao.com\/1\/?p=161046"},"modified":"2020-03-30T09:25:43","modified_gmt":"2020-03-30T12:25:43","slug":"carreatas-contra-confinamento-social-se-repetem-pelo-brasil","status":"publish","type":"post","link":"https:\/\/www.caririemacao.com\/1\/2020\/03\/30\/carreatas-contra-confinamento-social-se-repetem-pelo-brasil\/","title":{"rendered":"Carreatas contra confinamento social se repetem pelo Brasil"},"content":{"rendered":"\n<p>Manifestantes repetiram neste domingo (29)&nbsp;<a href=\"https:\/\/paraibaonline.com.br\/2020\/03\/carreata-e-buzinaco-marcam-protesto-pela-reabertura-do-comercio-de-joao-pessoa\/\">carreatas em algumas cidades do Brasil pedindo a suspens\u00e3o de medidas anticonfinamento<\/a>&nbsp;(como fechamento de com\u00e9rcio e escolas) adotadas por alguns estados em meio \u00e0 pandemia do coronav\u00edrus.<\/p>\n\n\n\n<p>Criticadas pelo ministro Luiz Henrique Mandetta (Sa\u00fade) e impulsionadas por discurso do pr\u00f3prio presidente, uma das carreatas passou por grandes avenidas de S\u00e3o Paulo, como a Paulista, e foi recebida com panela\u00e7os de pr\u00e9dios e gritos de \u201cFora, Bolsonaro\u201d no centro.<\/p>\n\n\n\n<p>Salvador tamb\u00e9m teve carreata na manh\u00e3 desse domingo. O grupo de manifestantes pedia a volta do funcionamento do com\u00e9rcio e o fim do isolamento social.<\/p>\n\n\n\n<p>O buzina\u00e7o durou cerca de duas horas. Partiu da Boca do Rio, passou pela orla e por locais como a avenida Manoel Dias da Silva e seguiu em dire\u00e7\u00e3o ao Farol da Barra, onde os participantes encerraram o ato no in\u00edcio da tarde.<\/p>\n\n\n\n<p>Outro ato foi realizado ainda no s\u00e1bado (28), em Caruaru (PE), que teve buzina\u00e7o pelas principais ruas da cidade. Assim como em Salvador, os manifestantes pediram o fim das medidas estipuladas pela quarentena. Os atos s\u00e3o contr\u00e1rios \u00e0s recomenda\u00e7\u00f5es feitas pelas autoridades de sa\u00fade, que defendem o isolamento social como medida para evitar a r\u00e1pida propaga\u00e7\u00e3o do novo coronav\u00edrus.<\/p>\n\n\n\n<p>O n\u00famero de mortes pelo novo coronav\u00edrus no Brasil subiu para 136 nesse domingo, segundo dados do Minist\u00e9rio da Sa\u00fade. Em 24 horas, 22 pessoas morreram em decorr\u00eancia da Covid-19. No s\u00e1bado, eram 114 mortes.<\/p>\n\n\n\n<p>O pa\u00eds registra 4.256 casos da doen\u00e7a.<\/p>\n\n\n\n<p>O n\u00famero de registros representa um salto de 9% com rela\u00e7\u00e3o ao s\u00e1bado, quando eram contabilizados 3.904 casos. Com rela\u00e7\u00e3o aos casos confirmados, a mortalidade da doen\u00e7a \u00e9 de 3,2% no pa\u00eds.<\/p>\n","protected":false},"excerpt":{"rendered":"<p>Manifestantes repetiram neste domingo (29)&nbsp;carreatas em algumas cidades do Brasil pedindo a suspens\u00e3o de medidas anticonfinamento&nbsp;(como fechamento de com\u00e9rcio e escolas) adotadas por alguns estados&hellip; <\/p>\n","protected":false},"author":2,"featured_media":161048,"comment_status":"closed","ping_status":"closed","sticky":false,"template":"","format":"standard","meta":{"sfsi_plus_gutenberg_text_before_share":"","sfsi_plus_gutenberg_show_text_before_share":"","sfsi_plus_gutenberg_icon_type":"","sfsi_plus_gutenberg_icon_alignemt":"","sfsi_plus_gutenburg_max_per_row":"","footnotes":""},"categories":[2],"tags":[],"class_list":["post-161046","post","type-post","status-publish","format-standard","has-post-thumbnail","hentry","category-geral"],"_links":{"self":[{"href":"https:\/\/www.caririemacao.com\/1\/wp-json\/wp\/v2\/posts\/161046","targetHints":{"allow":["GET"]}}],"collection":[{"href":"https:\/\/www.caririemacao.com\/1\/wp-json\/wp\/v2\/posts"}],"about":[{"href":"https:\/\/www.caririemacao.com\/1\/wp-json\/wp\/v2\/types\/post"}],"author":[{"embeddable":true,"href":"https:\/\/www.caririemacao.com\/1\/wp-json\/wp\/v2\/users\/2"}],"replies":[{"embeddable":true,"href":"https:\/\/www.caririemacao.com\/1\/wp-json\/wp\/v2\/comments?post=161046"}],"version-history":[{"count":1,"href":"https:\/\/www.caririemacao.com\/1\/wp-json\/wp\/v2\/posts\/161046\/revisions"}],"predecessor-version":[{"id":161049,"href":"https:\/\/www.caririemacao.com\/1\/wp-json\/wp\/v2\/posts\/161046\/revisions\/161049"}],"wp:featuredmedia":[{"embeddable":true,"href":"https:\/\/www.caririemacao.com\/1\/wp-json\/wp\/v2\/media\/161048"}],"wp:attachment":[{"href":"https:\/\/www.caririemacao.com\/1\/wp-json\/wp\/v2\/media?parent=161046"}],"wp:term":[{"taxonomy":"category","embeddable":true,"href":"https:\/\/www.caririemacao.com\/1\/wp-json\/wp\/v2\/categories?post=161046"},{"taxonomy":"post_tag","embeddable":true,"href":"https:\/\/www.caririemacao.com\/1\/wp-json\/wp\/v2\/tags?post=161046"}],"curies":[{"name":"wp","href":"https:\/\/api.w.org\/{rel}","templated":true}]}}