{"id":161051,"date":"2020-03-30T09:29:44","date_gmt":"2020-03-30T12:29:44","guid":{"rendered":"http:\/\/www.caririemacao.com\/1\/?p=161051"},"modified":"2020-03-30T09:29:47","modified_gmt":"2020-03-30T12:29:47","slug":"bolsonaro-revela-vontade-de-baixar-decreto-para-populacao-poder-trabalhar","status":"publish","type":"post","link":"https:\/\/www.caririemacao.com\/1\/2020\/03\/30\/bolsonaro-revela-vontade-de-baixar-decreto-para-populacao-poder-trabalhar\/","title":{"rendered":"Bolsonaro revela vontade de baixar decreto para popula\u00e7\u00e3o poder trabalhar"},"content":{"rendered":"\n<p>&nbsp;Na contram\u00e3o das orienta\u00e7\u00f5es do Minist\u00e9rio da Sa\u00fade, o presidente Jair Bolsonaro conclamou as pessoas a voltarem para as ruas para trabalhar e disse neste domingo (29) estar com \u201cvontade\u201d de fazer um decreto para liberar todas as atividades.<\/p>\n\n\n\n<p>\u201cEu estou com vontade, n\u00e3o sei se eu vou fazer, de baixar um decreto amanh\u00e3: toda e qualquer profiss\u00e3o legalmente existente ou aquela que \u00e9 voltada para a informalidade, se for necess\u00e1ria para levar o sustento para os seus filhos, para levar leite para seus filhos, para levar arroz e feij\u00e3o para casa, vai poder trabalhar\u201d, afirmou.<\/p>\n\n\n\n<p>Questionado se o texto j\u00e1 estava em estudo, Bolsonaro afirmou que havia acabado de pensar na ideia, enquanto falava com jornalistas na porta do Pal\u00e1cio da Alvorada.<\/p>\n\n\n\n<p>\u201cAlguns querem que eu me cale. \u2018Ah, siga os protocolos, quantas vezes o m\u00e9dico n\u00e3o segue o protocolo? Por que que ele n\u00e3o segue? Porque tem que tomar decis\u00e3o naquele momento. Eu mesmo, quando fui operado em Juiz de Fora, se fosse seguir todos os protocolos, fazer todos os exames, morrido\u201d, disse o presidente ao voltar ao Alvorada ap\u00f3s fazer um giro pelo com\u00e9rcio do Distrito Federal.<\/p>\n\n\n\n<p>Ele justificou sua ida a pontos de com\u00e9rcio local, como em Taguatinga e Ceil\u00e2ndia, cidades sat\u00e9lites da capital federal, como uma forma de \u201couvir o povo\u201d sobre os problemas do Brasil.<\/p>\n\n\n\n<p>\u201cSe eu n\u00e3o ouvir o cara falar que est\u00e1 na banana, como \u00e9 que eu vou me sentir para poder agir?\u201d, disse.<\/p>\n\n\n\n<p>Durante sua fala, o presidente endere\u00e7ou recados aos que se queixam de seus gestos, mas n\u00e3o mencionou nomes, afirmou apenas que o v\u00edrus existe e \u00e9 preciso enfrentar a realidade.<\/p>\n\n\n\n<p>\u201cSe voc\u00ea n\u00e3o estiver trabalhando aqui vai estar de casa. Ou v\u00e3o estar de f\u00e9rias ou v\u00e3o estar demitidos. Essa \u00e9 uma realidade. O v\u00edrus esta a\u00ed, vamos ter que enfrent\u00e1-lo. Vamos enfrentar como homem, p\u00f4, n\u00e3o como moleque. Vamos enfrentar o v\u00edrus com a realidade, todos n\u00f3s vamos morrer um dia\u201d, afirmou.<\/p>\n\n\n\n<p>Para sustentar seu argumento de que o isolamento \u00e9 prejudicial, Bolsonaro citou, sem apontar n\u00fameros, um aumento da viol\u00eancia dom\u00e9stica.<\/p>\n\n\n\n<p>\u201c\u00c9 s\u00f3 mostrar isso, tem mulher apanhando em casa. Por que isso? Em casa que falta p\u00e3o todos brigam e ningu\u00e9m tem raz\u00e3o. Como que acaba com isso? O cara quer trabalhar, meu Deus do c\u00e9u, \u00e9 crime agora isso?\u201d<\/p>\n\n\n\n<p>Ele falou ainda em \u201ccasos absurdos\u201d como a deten\u00e7\u00e3o de pessoas que estavam passeando pela praia. Segundo o presidente, trata-se de um local \u201cseguro\u201d por ser aberto.<\/p>\n\n\n\n<p>A orienta\u00e7\u00e3o das autoridades e m\u00e9dicas \u00e9 de desestimular que as pessoas frequentem locais p\u00fablicos, como praias, parques e pra\u00e7as, para evitar aglomera\u00e7\u00f5es que favore\u00e7am a dissemina\u00e7\u00e3o do novo coronav\u00edrus.<\/p>\n\n\n\n<p>A decis\u00e3o de Bolsonaro de fazer um passeio pelo Hospital das For\u00e7as Armadas e com\u00e9rcios do DF foi tomada depois de ele ficar irritado com repercuss\u00e3o de not\u00edcias de que seus ministros estavam fazendo press\u00e3o para que ele amenize o tom sobre o novo coronav\u00edrus e siga as orienta\u00e7\u00f5es do Minist\u00e9rio da Sa\u00fade.<\/p>\n\n\n\n<p>O presidente ficou incomodado ao ler que estava sendo \u201cenquadrado\u201d por seus subordinados.<\/p>\n\n\n\n<p>O tema foi levado ao presidente por um grupo de ministros no Alvorada em reuni\u00e3o no s\u00e1bado (28). Em uma conversa tensa, partiu do pr\u00f3prio titular da Sa\u00fade, Henrique Mandetta, alertar o presidente sobre os riscos que o pa\u00eds pode enfrentar se houver uma normaliza\u00e7\u00e3o das atividades.<\/p>\n\n\n\n<p>O presidente defende o isolamento vertical, ou seja, apenas de grupos de risco, enquanto a orienta\u00e7\u00e3o do minist\u00e9rio \u00e9 para o isolamento social de toda a popula\u00e7\u00e3o.<\/p>\n\n\n\n<p>Na contram\u00e3o disso, Bolsonaro voltou a afirmar que \u00e9 preciso se preocupar com o v\u00edrus, mas que a quest\u00e3o do desemprego deve ser priorizada.<\/p>\n\n\n\n<p>\u201c\u2018Ah, voc\u00ea viu o que o governador falou? O que o vice falou? N\u00e3o me interessa\u201d, disse Bolsonaro, indicando que deve seguir destoando de outras autoridades, como os governadores de S\u00e3o Paulo, Jo\u00e3o Doria, e do Rio de Janeiro, Wilson Witzel, al\u00e9m de seu vice, general Hamilton Mour\u00e3o.<\/p>\n\n\n\n<p>O vice-presidente afirmou na \u00faltima semana que a orienta\u00e7\u00e3o \u00e9 para o distanciamento social e manteve o tom em entrevista \u00e0 Folha publicada neste domingo. Ele disse ainda que \u00e9 necess\u00e1rio haver coordena\u00e7\u00e3o nas a\u00e7\u00f5es de combate ao coronav\u00edrus.<\/p>\n\n\n\n<p>Em uma fala de 20 minutos, o presidente repetiu diversas vezes que n\u00e3o vai deixar de ir \u00e0s ruas e que v\u00ea em seu papel, como chefe do Poder Executivo, o de presta\u00e7\u00e3o de um servi\u00e7o.<\/p>\n\n\n\n<p>\u201cSe eu fosse perguntar para outros, que t\u00eam uma boa vida, se eu deveria ir para rua, seria quase uma unanimidade: n\u00e3o. Mas n\u00e3o existe isso, eu estou na linha de frente com os meus soldados. Sou um general, mas estou na linha de frente. Se precisar fazer de novo, farei. Estarei com a popula\u00e7\u00e3o junto para buscar a solu\u00e7\u00e3o.\u201d<\/p>\n\n\n\n<p>Ao defender a volta das atividades, Bolsonaro disse que, por ele, a pr\u00f3pria filha voltaria imediatamente \u00e0s aulas. Ele se referia a Laura, 9, que mora com ele e com a primeira-dama, Michelle Bolsonaro, em Bras\u00edlia.<\/p>\n\n\n\n<p>O presidente colocou em xeque a defesa sobre o isolamento dizendo que nenhum estudo mostra que isso far\u00e1 com que haja diminui\u00e7\u00e3o do n\u00famero de casos no pa\u00eds.<\/p>\n\n\n\n<p>\u201cNingu\u00e9m est\u00e1 dizendo desses isolamentos ou quarentena, a\u00ed, horizontal, vertical, que tantas pessoas n\u00e3o ser\u00e3o infectadas. Ningu\u00e9m fala de n\u00famero, o n\u00famero \u00e9 o mesmo, s\u00f3 que alarga, alonga um pouquinho mais. Em vez de voc\u00ea ser infectado hoje, vai ser semana que vem ou daqui duas ou tr\u00eas semanas\u201d, afirmou.<\/p>\n\n\n\n<p>Cientistas de todo o mundo, l\u00edderes de Estado e at\u00e9 o ministro da Sa\u00fade defendem o isolamento social para que a curva de infec\u00e7\u00e3o cres\u00e7a de forma mais lenta. Assim, evitando-se um pico muito alto de doentes, o sistema de sa\u00fade dos pa\u00edses teria mais capacidade de atender a popula\u00e7\u00e3o e, com isso, diminuir a letalidade da Covid-19.<\/p>\n\n\n\n<p>Esse dado n\u00e3o foi mencionado pelo presidente. Em entrevistas recentes, Mandetta chegou a falar em \u201ccolapso\u201d do sistema de sa\u00fade se houver um n\u00famero muito elevado de infectados simultaneamente.<\/p>\n\n\n\n<p>No fim da tarde, Bolsonaro publicou um v\u00eddeo em suas redes sociais no qual ele diz que recomenda a visita que fez ao com\u00e9rcio a todos os pol\u00edticos do Brasil.<\/p>\n\n\n\n<p>\u201cAgora pouco estive em Ceil\u00e2ndia e em Taguatinga, fui ver na ponta da linha como est\u00e1 o nosso povo, em especial os informais, os mais atingidos por essa onda de desemprego. Uma experi\u00eancia que eu recomendo a todos os pol\u00edticos do Brasil. Na \u00faltima quinta-feira tivemos uma reuni\u00e3o do G-20 onde os l\u00edderes se comprometeram com os seguintes itens: 1) proteger vidas, 2) salvaguardar os empregos e a renda das pessoas, 3) restabelecer a confian\u00e7a e 4) minimizar interrup\u00e7\u00f5es no com\u00e9rcio. Com muita responsabilidade estamos cumprindo a agenda do G-20\u201d, afirmou.<\/p>\n","protected":false},"excerpt":{"rendered":"<p>&nbsp;Na contram\u00e3o das orienta\u00e7\u00f5es do Minist\u00e9rio da Sa\u00fade, o presidente Jair Bolsonaro conclamou as pessoas a voltarem para as ruas para trabalhar e disse neste&hellip; <\/p>\n","protected":false},"author":2,"featured_media":161052,"comment_status":"closed","ping_status":"closed","sticky":false,"template":"","format":"standard","meta":{"sfsi_plus_gutenberg_text_before_share":"","sfsi_plus_gutenberg_show_text_before_share":"","sfsi_plus_gutenberg_icon_type":"","sfsi_plus_gutenberg_icon_alignemt":"","sfsi_plus_gutenburg_max_per_row":"","footnotes":""},"categories":[2],"tags":[],"class_list":["post-161051","post","type-post","status-publish","format-standard","has-post-thumbnail","hentry","category-geral"],"_links":{"self":[{"href":"https:\/\/www.caririemacao.com\/1\/wp-json\/wp\/v2\/posts\/161051","targetHints":{"allow":["GET"]}}],"collection":[{"href":"https:\/\/www.caririemacao.com\/1\/wp-json\/wp\/v2\/posts"}],"about":[{"href":"https:\/\/www.caririemacao.com\/1\/wp-json\/wp\/v2\/types\/post"}],"author":[{"embeddable":true,"href":"https:\/\/www.caririemacao.com\/1\/wp-json\/wp\/v2\/users\/2"}],"replies":[{"embeddable":true,"href":"https:\/\/www.caririemacao.com\/1\/wp-json\/wp\/v2\/comments?post=161051"}],"version-history":[{"count":1,"href":"https:\/\/www.caririemacao.com\/1\/wp-json\/wp\/v2\/posts\/161051\/revisions"}],"predecessor-version":[{"id":161053,"href":"https:\/\/www.caririemacao.com\/1\/wp-json\/wp\/v2\/posts\/161051\/revisions\/161053"}],"wp:featuredmedia":[{"embeddable":true,"href":"https:\/\/www.caririemacao.com\/1\/wp-json\/wp\/v2\/media\/161052"}],"wp:attachment":[{"href":"https:\/\/www.caririemacao.com\/1\/wp-json\/wp\/v2\/media?parent=161051"}],"wp:term":[{"taxonomy":"category","embeddable":true,"href":"https:\/\/www.caririemacao.com\/1\/wp-json\/wp\/v2\/categories?post=161051"},{"taxonomy":"post_tag","embeddable":true,"href":"https:\/\/www.caririemacao.com\/1\/wp-json\/wp\/v2\/tags?post=161051"}],"curies":[{"name":"wp","href":"https:\/\/api.w.org\/{rel}","templated":true}]}}