{"id":161055,"date":"2020-03-30T09:32:16","date_gmt":"2020-03-30T12:32:16","guid":{"rendered":"http:\/\/www.caririemacao.com\/1\/?p=161055"},"modified":"2020-03-30T09:32:18","modified_gmt":"2020-03-30T12:32:18","slug":"coronavirus-bndes-anuncia-r-2-bilhoes-de-credito-para-area-da-saude","status":"publish","type":"post","link":"https:\/\/www.caririemacao.com\/1\/2020\/03\/30\/coronavirus-bndes-anuncia-r-2-bilhoes-de-credito-para-area-da-saude\/","title":{"rendered":"Coronav\u00edrus: BNDES anuncia R$ 2 bilh\u00f5es de cr\u00e9dito para \u00e1rea da sa\u00fade"},"content":{"rendered":"\n<p>O Banco Nacional de Desenvolvimento Econ\u00f4mico e Social (BNDES) vai disponibilizar R$ 2 bilh\u00f5es para as empresas do setor de sa\u00fade como apoio ao combate \u00e0 propaga\u00e7\u00e3o do novo coronav\u00edrus (covid-19).<\/p>\n\n\n\n<p>O programa de financiamento visa \u00e0 amplia\u00e7\u00e3o imediata da oferta de leitos emergenciais e de materiais e equipamentos m\u00e9dicos e hospitalares. Empresas de outros setores que buscam converter suas produ\u00e7\u00f5es em equipamentos e insumos para sa\u00fade tamb\u00e9m ser\u00e3o contempladas.<\/p>\n\n\n\n<p>O presidente do banco, Gustavo Montezano, em transmiss\u00e3o ao vivo pelo YouTube, disse hoje (29) que o objetivo da institui\u00e7\u00e3o nessa linha setorial \u00e9 ser r\u00e1pido no repasse de recursos para enfrentar a epidemia.<\/p>\n\n\n\n<p>\u201cA gente acredita que as 30 empresas que temos hoje mapeadas que v\u00e3o utilizar parte dos R$ 2 bilh\u00f5es ser\u00e3o capazes de suprir a necessidade de 15 mil ventiladores, o que corresponde a 50% da necessidade do SUS para 90 dias.\u201d<\/p>\n\n\n\n<p>O BNDES tamb\u00e9m estima que, com os recursos do programa, a quantidade de leitos em unidades de terapia intensiva (UTIs) seja ampliada em 3 mil, o equivalente a mais de 10% da disponibilidade atual de leitos do SUS no pa\u00eds.<\/p>\n\n\n\n<p>Os monitores poder\u00e3o aumentar em 5 mil \u2013 20% da demanda do SUS para os pr\u00f3ximos quatro meses, al\u00e9m da aquisi\u00e7\u00e3o de 80 milh\u00f5es de m\u00e1scaras cir\u00fargicas, o que corresponde a 33% da necessidade do SUS nos pr\u00f3ximos quatro meses.<\/p>\n\n\n\n<p>O limite de cr\u00e9dito \u00e9 de at\u00e9 R$ 150 milh\u00f5es por empresa a cada per\u00edodo de seis meses, e o valor m\u00ednimo de financiamento em opera\u00e7\u00f5es ser\u00e1 de R$ 10 milh\u00f5es. Segundo o banco de fomento, a constitui\u00e7\u00e3o de garantias reais poder\u00e1 ser flexibilizada para opera\u00e7\u00f5es com at\u00e9 R$ 50 milh\u00f5es em financiamento.<\/p>\n\n\n\n<p><strong>Empresas a\u00e9reas<\/strong><br>Segundo Montezano, uma linha de cr\u00e9dito para ajudar as empresas a\u00e9reas que v\u00eam sofrendo queda na demanda por causa restri\u00e7\u00e3o de viagens internacionais e nacionais devido ao coronav\u00edrus deve ser disponibilizada at\u00e9 o fim de abril.<\/p>\n\n\n\n<p>\u201cOs recursos ser\u00e3o investidos exclusivamente para as opera\u00e7\u00f5es brasileiras das empresas. A gente quer fazer linhas que apoiem as concorrentes. N\u00e3o queremos escolher uma \u00fanica empresa. Os recursos n\u00e3o dever\u00e3o ser usados para pagar credores financeiros.\u201d<\/p>\n\n\n\n<p>Na sexta-feira (27), o BNDES anunciou uma linha de cr\u00e9dito emergencial para ajudar pequenas e m\u00e9dias empresas a quitar a folha de pagamentos. O setor est\u00e1 entre os mais afetados pela crise gerada pela pandemia de covid-19. A estimativa \u00e9 de libera\u00e7\u00e3o de R$ 40 bilh\u00f5es.<\/p>\n\n\n\n<p>No \u00faltimo domingo (22), o banco anunciou as primeiras medidas emergenciais de apoio \u00e0 economia brasileira no enfrentamento dos efeitos da pandemia do coronav\u00edrus com medidas no valor de R$ 55 bilh\u00f5es.<\/p>\n","protected":false},"excerpt":{"rendered":"<p>O Banco Nacional de Desenvolvimento Econ\u00f4mico e Social (BNDES) vai disponibilizar R$ 2 bilh\u00f5es para as empresas do setor de sa\u00fade como apoio ao combate&hellip; <\/p>\n","protected":false},"author":2,"featured_media":161056,"comment_status":"closed","ping_status":"closed","sticky":false,"template":"","format":"standard","meta":{"sfsi_plus_gutenberg_text_before_share":"","sfsi_plus_gutenberg_show_text_before_share":"","sfsi_plus_gutenberg_icon_type":"","sfsi_plus_gutenberg_icon_alignemt":"","sfsi_plus_gutenburg_max_per_row":"","footnotes":""},"categories":[2],"tags":[],"class_list":["post-161055","post","type-post","status-publish","format-standard","has-post-thumbnail","hentry","category-geral"],"_links":{"self":[{"href":"https:\/\/www.caririemacao.com\/1\/wp-json\/wp\/v2\/posts\/161055","targetHints":{"allow":["GET"]}}],"collection":[{"href":"https:\/\/www.caririemacao.com\/1\/wp-json\/wp\/v2\/posts"}],"about":[{"href":"https:\/\/www.caririemacao.com\/1\/wp-json\/wp\/v2\/types\/post"}],"author":[{"embeddable":true,"href":"https:\/\/www.caririemacao.com\/1\/wp-json\/wp\/v2\/users\/2"}],"replies":[{"embeddable":true,"href":"https:\/\/www.caririemacao.com\/1\/wp-json\/wp\/v2\/comments?post=161055"}],"version-history":[{"count":1,"href":"https:\/\/www.caririemacao.com\/1\/wp-json\/wp\/v2\/posts\/161055\/revisions"}],"predecessor-version":[{"id":161057,"href":"https:\/\/www.caririemacao.com\/1\/wp-json\/wp\/v2\/posts\/161055\/revisions\/161057"}],"wp:featuredmedia":[{"embeddable":true,"href":"https:\/\/www.caririemacao.com\/1\/wp-json\/wp\/v2\/media\/161056"}],"wp:attachment":[{"href":"https:\/\/www.caririemacao.com\/1\/wp-json\/wp\/v2\/media?parent=161055"}],"wp:term":[{"taxonomy":"category","embeddable":true,"href":"https:\/\/www.caririemacao.com\/1\/wp-json\/wp\/v2\/categories?post=161055"},{"taxonomy":"post_tag","embeddable":true,"href":"https:\/\/www.caririemacao.com\/1\/wp-json\/wp\/v2\/tags?post=161055"}],"curies":[{"name":"wp","href":"https:\/\/api.w.org\/{rel}","templated":true}]}}