{"id":161059,"date":"2020-03-30T09:36:17","date_gmt":"2020-03-30T12:36:17","guid":{"rendered":"http:\/\/www.caririemacao.com\/1\/?p=161059"},"modified":"2020-03-30T09:36:20","modified_gmt":"2020-03-30T12:36:20","slug":"atletico-mineiro-ainda-nao-tentou-negociacao-para-reduzir-salario-dos-jogadores","status":"publish","type":"post","link":"https:\/\/www.caririemacao.com\/1\/2020\/03\/30\/atletico-mineiro-ainda-nao-tentou-negociacao-para-reduzir-salario-dos-jogadores\/","title":{"rendered":"Atl\u00e9tico Mineiro ainda n\u00e3o tentou negocia\u00e7\u00e3o para reduzir sal\u00e1rio dos jogadores"},"content":{"rendered":"\n<p>&nbsp;A Comiss\u00e3o Nacional de Clubes (CNC) informou que os participantes da S\u00e9rie A do Campeonato Brasileiro negociar\u00e3o individualmente com atletas e membros de comiss\u00e3o t\u00e9cnica sobre quest\u00f5es salariais durante a paralisa\u00e7\u00e3o do futebol devido \u00e0 pandemia do novo coronav\u00edrus. Os times aguardam tamb\u00e9m novas medidas do Governo Federal para discutir redu\u00e7\u00e3o nas remunera\u00e7\u00f5es de seus funcion\u00e1rios.<\/p>\n\n\n\n<p>Um dos entusiastas das negocia\u00e7\u00f5es, o Atl\u00e9tico-MG sequer tocou no assunto com jogadores e integrantes do departamento de futebol. A reportagem apurou que os vencimentos do elenco e de Jorge Sampaoli permanecem os mesmos dos combinados antes da pausa no calend\u00e1rio do esporte no pa\u00eds.<\/p>\n\n\n\n<p>A folha salarial do Galo \u00e9 de R$ 5,1 milh\u00f5es na CLT (Consolida\u00e7\u00e3o das Leis Trabalhistas), conforme revelado pela coluna de Mauro C\u00e9zar Pereira no portal UOL. O valor cresce quando computados os direitos de imagem.<\/p>\n\n\n\n<p>A diretoria n\u00e3o se manifesta de forma oficial e trata o assunto como algo interno. Entretanto, a reportagem consultou fontes ligadas a atletas e ao estafe de Sampaoli para ratificar a situa\u00e7\u00e3o. N\u00e3o houve qualquer men\u00e7\u00e3o do presidente S\u00e9rgio Sette C\u00e2mara ou do diretor de futebol Alexandre Mattos a membros do plantel para discutir uma redu\u00e7\u00e3o salarial.<\/p>\n\n\n\n<p>O Governo Federal permite que haja redu\u00e7\u00e3o dos sal\u00e1rios na CLT por meio da Medida Provis\u00f3ria 927, assinada pelo presidente Jair Bolsonaro.<\/p>\n\n\n\n<figure class=\"wp-block-image\"><img decoding=\"async\" data-src=\"https:\/\/paraibaonline.com.br\/wp-content\/uploads\/2020\/03\/sede-atletico-mg2703-556x417.jpg\" alt=\"Foto: Reprodu\u00e7\u00e3o\" class=\"wp-image-846213 lazyload\" src=\"data:image\/svg+xml;base64,PHN2ZyB3aWR0aD0iMSIgaGVpZ2h0PSIxIiB4bWxucz0iaHR0cDovL3d3dy53My5vcmcvMjAwMC9zdmciPjwvc3ZnPg==\" style=\"--smush-placeholder-width: 556px; --smush-placeholder-aspect-ratio: 556\/417;\" \/><\/figure>\n\n\n\n<p>Foto: Reprodu\u00e7\u00e3o<\/p>\n\n\n\n<p>Na \u00faltima semana, a CNC informou que estes assuntos, que eram tratados de forma coletiva com a Fenapaf (Federa\u00e7\u00e3o Nacional de Atletas de Futebol) e o Sindicato dos Atletas, ser\u00e3o \u201cnegociados individualmente com seus atletas e demais funcion\u00e1rios do departamento de futebol no que tange a outras medidas que possam ser adotadas no per\u00edodo de paralisa\u00e7\u00e3o\u201d.<\/p>\n\n\n\n<p>Sobre a redu\u00e7\u00e3o da remunera\u00e7\u00e3o, a nota diz que as equipes v\u00e3o \u201caguardar novas medidas dos Governos Federal e Estaduais diante do estado de calamidade p\u00fablica, para avaliar poss\u00edveis redu\u00e7\u00f5es em remunera\u00e7\u00f5es que possam ser estabelecidas\u201d.<\/p>\n\n\n\n<p>Recentemente, em entrevista \u00e0 R\u00e1dio 98, o presidente S\u00e9rgio Sette C\u00e2mara informou que os sal\u00e1rios est\u00e3o em dia na Cidade do Galo. Todavia, confirmou atraso no pagamento dos direitos de imagem.<\/p>\n\n\n\n<p>\u201cN\u00f3s estamos com nossos sal\u00e1rios em dia aqui no Atl\u00e9tico. Temos apenas o atraso de duas folhas de direito de imagem, mas uma n\u00f3s vamos acertar em breve. Estamos numa situa\u00e7\u00e3o bastante razo\u00e1vel. Temos tamb\u00e9m alguma coisa de premia\u00e7\u00e3o, que n\u00e3o \u00e9 sal\u00e1rio, mas n\u00f3s vamos honrar na medida do poss\u00edvel\u201d, comentou.<\/p>\n\n\n\n<p>\u201cMas a situa\u00e7\u00e3o do Atl\u00e9tico \u00e9 uma das melhores no Brasil afora. A gente quer estar com tudo em dia, est\u00e1vamos caminhando muito para isso, mas essa situa\u00e7\u00e3o mudou tudo e vai nos exigir tomar atitudes inteligentes e duras\u201d, acrescentou.<\/p>\n","protected":false},"excerpt":{"rendered":"<p>&nbsp;A Comiss\u00e3o Nacional de Clubes (CNC) informou que os participantes da S\u00e9rie A do Campeonato Brasileiro negociar\u00e3o individualmente com atletas e membros de comiss\u00e3o t\u00e9cnica&hellip; <\/p>\n","protected":false},"author":2,"featured_media":161060,"comment_status":"closed","ping_status":"closed","sticky":false,"template":"","format":"standard","meta":{"sfsi_plus_gutenberg_text_before_share":"","sfsi_plus_gutenberg_show_text_before_share":"","sfsi_plus_gutenberg_icon_type":"","sfsi_plus_gutenberg_icon_alignemt":"","sfsi_plus_gutenburg_max_per_row":"","footnotes":""},"categories":[2],"tags":[],"class_list":["post-161059","post","type-post","status-publish","format-standard","has-post-thumbnail","hentry","category-geral"],"_links":{"self":[{"href":"https:\/\/www.caririemacao.com\/1\/wp-json\/wp\/v2\/posts\/161059","targetHints":{"allow":["GET"]}}],"collection":[{"href":"https:\/\/www.caririemacao.com\/1\/wp-json\/wp\/v2\/posts"}],"about":[{"href":"https:\/\/www.caririemacao.com\/1\/wp-json\/wp\/v2\/types\/post"}],"author":[{"embeddable":true,"href":"https:\/\/www.caririemacao.com\/1\/wp-json\/wp\/v2\/users\/2"}],"replies":[{"embeddable":true,"href":"https:\/\/www.caririemacao.com\/1\/wp-json\/wp\/v2\/comments?post=161059"}],"version-history":[{"count":1,"href":"https:\/\/www.caririemacao.com\/1\/wp-json\/wp\/v2\/posts\/161059\/revisions"}],"predecessor-version":[{"id":161061,"href":"https:\/\/www.caririemacao.com\/1\/wp-json\/wp\/v2\/posts\/161059\/revisions\/161061"}],"wp:featuredmedia":[{"embeddable":true,"href":"https:\/\/www.caririemacao.com\/1\/wp-json\/wp\/v2\/media\/161060"}],"wp:attachment":[{"href":"https:\/\/www.caririemacao.com\/1\/wp-json\/wp\/v2\/media?parent=161059"}],"wp:term":[{"taxonomy":"category","embeddable":true,"href":"https:\/\/www.caririemacao.com\/1\/wp-json\/wp\/v2\/categories?post=161059"},{"taxonomy":"post_tag","embeddable":true,"href":"https:\/\/www.caririemacao.com\/1\/wp-json\/wp\/v2\/tags?post=161059"}],"curies":[{"name":"wp","href":"https:\/\/api.w.org\/{rel}","templated":true}]}}