{"id":161067,"date":"2020-03-30T09:44:32","date_gmt":"2020-03-30T12:44:32","guid":{"rendered":"http:\/\/www.caririemacao.com\/1\/?p=161067"},"modified":"2020-03-30T09:44:35","modified_gmt":"2020-03-30T12:44:35","slug":"atencao-6-mil-vagas-para-profissionais-de-saude-em-todo-o-brasil","status":"publish","type":"post","link":"https:\/\/www.caririemacao.com\/1\/2020\/03\/30\/atencao-6-mil-vagas-para-profissionais-de-saude-em-todo-o-brasil\/","title":{"rendered":"Aten\u00e7\u00e3o! 6 mil vagas para profissionais de sa\u00fade em todo o Brasil"},"content":{"rendered":"\n<p>&nbsp;A Rede Ebserh poder\u00e1 contar com um refor\u00e7o importante no enfrentamento ao Covid-19. Nesta quinta-feira, 26, a Empresa Brasileira de Servi\u00e7os Hospitalares (Ebserh) foi autorizada pelo Minist\u00e9rio da Economia a contratar mais de 6 mil profissionais tempor\u00e1rios para atuar em um dos 40 hospitais universit\u00e1rios federais vinculados.<\/p>\n\n\n\n<p>A iniciativa se dar\u00e1 por edital de chamamento p\u00fablico, com previs\u00e3o de publica\u00e7\u00e3o na pr\u00f3xima semana, contendo todas as informa\u00e7\u00f5es pertinentes ao processo seletivo como pr\u00e9-requisitos, remunera\u00e7\u00e3o, tempo de contrata\u00e7\u00e3o e outras.<\/p>\n\n\n\n<p>S\u00e3o previstas aproximadamente 900 vagas para m\u00e9dicos, 1,4 mil enfermeiros, 3 mil t\u00e9cnicos em enfermagem, 500 fisioterapeutas e 100 vagas para engenheiros e arquitetos, necess\u00e1rios para promover as mudan\u00e7as estruturais exigidas para a acomoda\u00e7\u00e3o de pacientes infectados pelo Covid-19.<\/p>\n\n\n\n<figure class=\"wp-block-image\"><img decoding=\"async\" data-src=\"https:\/\/paraibaonline.com.br\/wp-content\/uploads\/2020\/03\/ilustracao-ebserh-567x378.jpg\" alt=\"Foto: Ascom\" class=\"wp-image-846662 lazyload\" src=\"data:image\/svg+xml;base64,PHN2ZyB3aWR0aD0iMSIgaGVpZ2h0PSIxIiB4bWxucz0iaHR0cDovL3d3dy53My5vcmcvMjAwMC9zdmciPjwvc3ZnPg==\" style=\"--smush-placeholder-width: 567px; --smush-placeholder-aspect-ratio: 567\/378;\" \/><\/figure>\n\n\n\n<p>Foto: Ascom<\/p>\n\n\n\n<p>Os profissionais atuar\u00e3o na linha de frente de atendimento a pacientes acometidos pela doen\u00e7a durante o per\u00edodo de combate \u00e0 pandemia como refor\u00e7o do quadro existente ou como reposi\u00e7\u00e3o de profissionais que se ausentaram por serem do grupo de risco, por estarem contaminados ou por quarentena por precau\u00e7\u00e3o devido a sintomas de gripe.<\/p>\n\n\n\n<p>\u201cEstamos em um momento em que temos que nos dedicar ainda mais \u00e0 nossa miss\u00e3o de cuidar. Somos a linha de frente no combate a uma pandemia mundial e a popula\u00e7\u00e3o brasileira depende de todos n\u00f3s que atuamos na \u00e1rea da sa\u00fade. A Rede Ebserh est\u00e1 fazendo a sua parte e o refor\u00e7o de nosso contingente vai ao encontro das necessidades desse per\u00edodo t\u00e3o delicado\u201d, declarou o presidente da estatal, Oswaldo Ferreira.<\/p>\n\n\n\n<p>As medidas est\u00e3o alinhadas \u00e0 Declara\u00e7\u00e3o de Emerg\u00eancia em Sa\u00fade P\u00fablica de Import\u00e2ncia Internacional pela Organiza\u00e7\u00e3o Mundial da Sa\u00fade, \u00e0 Declara\u00e7\u00e3o de Emerg\u00eancia em Sa\u00fade P\u00fablica de Import\u00e2ncia Nacional do Minist\u00e9rio da Sa\u00fade e ao Plano de Conting\u00eancia Nacional para Infec\u00e7\u00e3o Humana pelo novo Coronav\u00edrus.<\/p>\n","protected":false},"excerpt":{"rendered":"<p>&nbsp;A Rede Ebserh poder\u00e1 contar com um refor\u00e7o importante no enfrentamento ao Covid-19. Nesta quinta-feira, 26, a Empresa Brasileira de Servi\u00e7os Hospitalares (Ebserh) foi autorizada&hellip; <\/p>\n","protected":false},"author":2,"featured_media":161068,"comment_status":"closed","ping_status":"closed","sticky":false,"template":"","format":"standard","meta":{"sfsi_plus_gutenberg_text_before_share":"","sfsi_plus_gutenberg_show_text_before_share":"","sfsi_plus_gutenberg_icon_type":"","sfsi_plus_gutenberg_icon_alignemt":"","sfsi_plus_gutenburg_max_per_row":"","footnotes":""},"categories":[2],"tags":[],"class_list":["post-161067","post","type-post","status-publish","format-standard","has-post-thumbnail","hentry","category-geral"],"_links":{"self":[{"href":"https:\/\/www.caririemacao.com\/1\/wp-json\/wp\/v2\/posts\/161067","targetHints":{"allow":["GET"]}}],"collection":[{"href":"https:\/\/www.caririemacao.com\/1\/wp-json\/wp\/v2\/posts"}],"about":[{"href":"https:\/\/www.caririemacao.com\/1\/wp-json\/wp\/v2\/types\/post"}],"author":[{"embeddable":true,"href":"https:\/\/www.caririemacao.com\/1\/wp-json\/wp\/v2\/users\/2"}],"replies":[{"embeddable":true,"href":"https:\/\/www.caririemacao.com\/1\/wp-json\/wp\/v2\/comments?post=161067"}],"version-history":[{"count":1,"href":"https:\/\/www.caririemacao.com\/1\/wp-json\/wp\/v2\/posts\/161067\/revisions"}],"predecessor-version":[{"id":161069,"href":"https:\/\/www.caririemacao.com\/1\/wp-json\/wp\/v2\/posts\/161067\/revisions\/161069"}],"wp:featuredmedia":[{"embeddable":true,"href":"https:\/\/www.caririemacao.com\/1\/wp-json\/wp\/v2\/media\/161068"}],"wp:attachment":[{"href":"https:\/\/www.caririemacao.com\/1\/wp-json\/wp\/v2\/media?parent=161067"}],"wp:term":[{"taxonomy":"category","embeddable":true,"href":"https:\/\/www.caririemacao.com\/1\/wp-json\/wp\/v2\/categories?post=161067"},{"taxonomy":"post_tag","embeddable":true,"href":"https:\/\/www.caririemacao.com\/1\/wp-json\/wp\/v2\/tags?post=161067"}],"curies":[{"name":"wp","href":"https:\/\/api.w.org\/{rel}","templated":true}]}}