{"id":161075,"date":"2020-03-30T09:57:25","date_gmt":"2020-03-30T12:57:25","guid":{"rendered":"http:\/\/www.caririemacao.com\/1\/?p=161075"},"modified":"2020-03-30T09:57:27","modified_gmt":"2020-03-30T12:57:27","slug":"twitter-apaga-publicacoes-de-jair-bolsonaro-por-violarem-regras-da-rede","status":"publish","type":"post","link":"https:\/\/www.caririemacao.com\/1\/2020\/03\/30\/twitter-apaga-publicacoes-de-jair-bolsonaro-por-violarem-regras-da-rede\/","title":{"rendered":"Twitter apaga publica\u00e7\u00f5es de Jair Bolsonaro por violarem regras da rede"},"content":{"rendered":"\n<p>O Twitter apagou duas publica\u00e7\u00f5es da conta oficial do presidente Jair Bolsonaro na noite deste domingo (29). No lugar das publica\u00e7\u00f5es, feitas na tarde de domingo, aparece a mensagem: &#8220;Este tweet n\u00e3o est\u00e1 mais dispon\u00edvel porque violou as regras do Twitter&#8221;.<\/p>\n\n\n\n<p>O G1 entrou em contato com o Twitter e com a Secretaria de Comunica\u00e7\u00e3o do Pal\u00e1cio do Planalto para comentar o assunto. O Planalto diz que n\u00e3o vai comentar. O Twitter respondeu o seguinte:<\/p>\n\n\n\n<p>&#8220;O Twitter anunciou recentemente em todo o mundo a expans\u00e3o de suas regras para abranger conte\u00fados que forem eventualmente contra informa\u00e7\u00f5es de sa\u00fade p\u00fablica orientadas por fontes oficiais e possam colocar as pessoas em maior risco de transmitir COVID-19. O detalhamento da amplia\u00e7\u00e3o da nossa abordagem est\u00e1 dispon\u00edvel neste post em nosso blog.&#8221;<\/p>\n\n\n\n<p>No post citado pela empresa, s\u00e3o listados todos os tipos de mensagens que podem colocar em risco a sa\u00fade p\u00fablica em rela\u00e7\u00e3o ao coronav\u00edrus.&nbsp;<\/p>\n\n\n\n<p>Mais cedo neste domingo, o presidente Jair Bolsonaro provocou aglomera\u00e7\u00f5es durante um passeio em Bras\u00edlia e voltou a se posicionar contra o isolamento social, defendido por autoridades de sa\u00fade do mundo inteiro. O passeio e o posicionamento foram registrados em posts no Twitter.<\/p>\n\n\n\n<p><strong>Conte\u00fados contrariam autoridades de sa\u00fade do mundo<\/strong><\/p>\n\n\n\n<p>O Twitter n\u00e3o informou quais pontos espec\u00edficos das imagens ou das declara\u00e7\u00f5es dos dois posts levaram \u00e0 exclus\u00e3o. Al\u00e9m dos dois apagados, h\u00e1 outros posts do passeio dele em Bras\u00edlia e de declara\u00e7\u00f5es deste domingo sobre o coronav\u00edrus que continuam no ar.<\/p>\n\n\n\n<p>Em um dos v\u00eddeos apagados, Bolsonaro conversa com um ambulante, defende que as pessoas continuem trabalhando, e diz para &#8220;quem tem mais de 65 ficar em casa&#8221;. Ele acena positivamente quando uma das pessoas na aglomera\u00e7\u00e3o diz que &#8220;tem que abrir os com\u00e9rcios e trabalhar normalmente&#8221;.<\/p>\n\n\n\n<p>No segundo v\u00eddeo, ele entra em um supermercado, volta a provocar aglomera\u00e7\u00f5es, critica as medidas de isolamento e diz para jornalistas que &#8220;o pa\u00eds fica imune quando 60, 70% foram infectados&#8221; e que um rem\u00e9dio contra o coronav\u00edrus &#8220;j\u00e1 \u00e9 uma realidade&#8221;, sem apresentar comprova\u00e7\u00e3o.<\/p>\n\n\n\n<p>Apesar de haver pesquisas iniciais, n\u00e3o h\u00e1 rem\u00e9dio com atua\u00e7\u00e3o comprovada contra o coronav\u00edrus e ningu\u00e9m sabe quando teremos.<\/p>\n\n\n\n<p>As autoridades sanit\u00e1rias do mundo inteiro defendem que todos os que puderem fiquem em casa para diminuir os riscos de quem tem de trabalhar, como aqueles de setores essenciais, como sa\u00fade, transportes e f\u00e1bricas, entre outros. Bolsonaro, por\u00e9m, insiste num isolamento mais restrito, apenas de idosos e doentes cr\u00f4nicos.<\/p>\n\n\n\n<p>Os dois v\u00eddeos de Bolsonaro continuam no ar nas p\u00e1ginas oficias de Bolsonaro no YouTube e no Facebook. O G1 perguntou ao Google, dono do YouTube, e ao Facebook sobre o posicionamento das empresas em rela\u00e7\u00e3o a estes conte\u00fados, mas n\u00e3o teve resposta at\u00e9 a \u00faltima atualiza\u00e7\u00e3o desta reportagem.<\/p>\n\n\n\n<p><strong>Posts apagados de Ricardo Salles e Fl\u00e1vio Bolsonaro<\/strong><br>No dia 23 de mar\u00e7o, o ministro do Meio Ambiente, Ricardo Salles, teve um post apagado por colocar a popula\u00e7\u00e3o em risco de contamina\u00e7\u00e3o com a doen\u00e7a. O post tinha um v\u00eddeo antigo sobre a doen\u00e7a apresentado como se fosse novo, confundindo a popula\u00e7\u00e3o.<\/p>\n\n\n\n<p>Fl\u00e1vio Bolsonaro, que tinha compartilhado o v\u00eddeo, tamb\u00e9m teve seu post apagado.<\/p>\n\n\n\n<figure class=\"wp-block-image\"><img decoding=\"async\" data-src=\"https:\/\/www.clickpb.com.br\/media\/filer_public\/86\/9b\/869b5614-74f1-4df0-a0e6-3cfae6abe285\/screenshot_1.jpg\" alt=\"\" src=\"data:image\/svg+xml;base64,PHN2ZyB3aWR0aD0iMSIgaGVpZ2h0PSIxIiB4bWxucz0iaHR0cDovL3d3dy53My5vcmcvMjAwMC9zdmciPjwvc3ZnPg==\" class=\"lazyload\" \/><\/figure>\n\n\n\n<p><strong>Veja o trecho do blog do Twitter que cita os tipos de conte\u00fados que passam a ser contra as regras da rede:<\/strong><\/p>\n\n\n\n<p><em>&#8220;[Medidas que estamos tomando:] Abranger nossa defini\u00e7\u00e3o de danos para atuar em conte\u00fados que v\u00e3o diretamente contra as informa\u00e7\u00f5es globais e locais de sa\u00fade p\u00fablica orientadas por fontes oficiais. Em vez de depender de den\u00fancias, atuaremos pr\u00f3ximos a parceiros confi\u00e1veis, incluindo autoridades de sa\u00fade p\u00fablica e governos, e continuaremos usando e consultando informa\u00e7\u00f5es dessas fontes ao revisar os conte\u00fados. Sob essa nova orienta\u00e7\u00e3o, solicitaremos que as pessoas removam Tweets que incluam:<\/em><\/p>\n\n\n\n<ul class=\"wp-block-list\"><li><em>Nega\u00e7\u00e3o das recomenda\u00e7\u00f5es de autoridades de sa\u00fade locais ou globais para diminuir a poss\u00edvel exposi\u00e7\u00e3o ao COVID-19 com a inten\u00e7\u00e3o de influenciar as pessoas a agir contra as orienta\u00e7\u00f5es recomendadas, como: \u201co distanciamento social n\u00e3o \u00e9 eficaz\u201d ou incentivar ativamente as pessoas a n\u00e3o se distanciar socialmente em \u00e1reas impactadas pelo COVID-19.<\/em><\/li><li><em>Descri\u00e7\u00e3o de tratamentos ou medidas de prote\u00e7\u00e3o que n\u00e3o sejam diretamente prejudiciais, mas ineficazes; que n\u00e3o se aplicam ao contexto do COVID-19; ou que est\u00e3o sendo compartilhadas com a inten\u00e7\u00e3o de enganar outras pessoas, mesmo que sejam em tom de humor, como \u201co coronav\u00edrus n\u00e3o \u00e9 resistente ao calor &#8211; caminhar ao ar livre \u00e9 suficiente para se proteger\u201d ou \u201cuse aromaterapia e \u00f3leos essenciais para prevenir o COVID-19\u201d.<\/em><\/li><li><em>Descri\u00e7\u00e3o de tratamentos prejudiciais ou medidas de prote\u00e7\u00e3o ineficazes; que n\u00e3o se aplicam ao COVID-19; ou est\u00e3o sendo compartilhadas fora de contexto para enganar pessoas, mesmo que sejam feitas em tom de brincadeira, como \u201cbeber \u00e1gua sanit\u00e1ria e ingerir prata coloidal curar\u00e1 o COVID-19\u201d.<\/em><\/li><li><em>Nega\u00e7\u00e3o de fatos cient\u00edficos estabelecidos em rela\u00e7\u00e3o a transmiss\u00e3o durante o per\u00edodo de incuba\u00e7\u00e3o ou orienta\u00e7\u00e3o das autoridades de sa\u00fade locais e globais, como \u201cCOVID-19 n\u00e3o infecta crian\u00e7as porque n\u00e3o vimos nenhum caso de crian\u00e7as doentes\u201d.<\/em><\/li><li><em>Afirma\u00e7\u00f5es espec\u00edficas em torno das informa\u00e7\u00f5es do COVID-19 que t\u00eam como objetivo manipular as pessoas para um determinado comportamento, para ganho de terceiros com um pedido de alguma a\u00e7\u00e3o, como \u201co coronav\u00edrus \u00e9 uma fraude e n\u00e3o \u00e9 real &#8211; saia e curta seu bar local!!\u201d ou \u201cas not\u00edcias sobre lavar as m\u00e3os s\u00e3o propaganda para as empresas de sab\u00e3o, parem de lavar as m\u00e3os\u201d ou &#8220;ignorem as not\u00edcias sobre o COVID-19, elas s\u00e3o apenas uma tentativa de destruir o capitalismo, quebrando o mercado de a\u00e7\u00f5es\u201d.<\/em><\/li><li><em>Afirma\u00e7\u00f5es espec\u00edficas e n\u00e3o verificadas que incitam as pessoas a agir e causam p\u00e2nico generalizado, agita\u00e7\u00e3o social ou desordem em larga escala, como \u201ca Guarda Nacional acaba de anunciar que n\u00e3o haver\u00e1 mais reposi\u00e7\u00e3o de alimentos por 2 meses &#8211; v\u00e1 at\u00e9 o supermercado o mais r\u00e1pido poss\u00edvel e compre tudo o que puder!\u201d<\/em><\/li><li><em>Afirma\u00e7\u00f5es espec\u00edficas e n\u00e3o verificadas feitas por pessoas que se passam por um funcion\u00e1rio, organiza\u00e7\u00e3o ou governo de sa\u00fade, como uma conta de par\u00f3dia de um oficial de sa\u00fade italiano afirmando que a quarentena do pa\u00eds acabou.<\/em><\/li><li><em>Propaga\u00e7\u00e3o de informa\u00e7\u00f5es falsas ou enganosas sobre os crit\u00e9rios ou procedimentos de diagn\u00f3stico do COVID-19, como \u201cse voc\u00ea puder prender a respira\u00e7\u00e3o por 10 segundos, n\u00e3o ter\u00e1 coronav\u00edrus\u201d.<\/em><\/li><li><em>Declara\u00e7\u00f5es falsas ou enganosas sobre como diferenciar COVID-19 de outra doen\u00e7a e informa\u00e7\u00f5es que tenham o objetivo de diagnosticar alguma pessoa, como \u201cse voc\u00ea tem tosse \u00famida, n\u00e3o \u00e9 coronav\u00edrus &#8211; mas tosse seca \u00e9\u201d ou \u201cvoc\u00ea vai sentir como se estivesse se afogando em catarro se tiver coronav\u00edrus &#8211; n\u00e3o \u00e9 uma secre\u00e7\u00e3o nasal normal\u201d.<\/em><\/li><li><em>Informa\u00e7\u00f5es de que grupos espec\u00edficos ou nacionalidades nunca s\u00e3o suscet\u00edveis ao COVID-19, como \u201cpessoas com pele escura s\u00e3o imunes ao COVID-19 devido \u00e0 produ\u00e7\u00e3o de melanina\u201d ou \u201ca leitura do Alcor\u00e3o tornar\u00e1 um indiv\u00edduo imune ao COVID-19\u201d.<\/em><\/li><li><em>Afirma\u00e7\u00f5es de que grupos espec\u00edficos ou nacionalidades s\u00e3o mais suscet\u00edveis ao COVID-19, como \u201cevite empresas pertencentes ao povo chin\u00eas, pois \u00e9 mais prov\u00e1vel que tenham o COVID-19\u201d.<\/em><\/li><\/ul>\n","protected":false},"excerpt":{"rendered":"<p>O Twitter apagou duas publica\u00e7\u00f5es da conta oficial do presidente Jair Bolsonaro na noite deste domingo (29). No lugar das publica\u00e7\u00f5es, feitas na tarde de&hellip; <\/p>\n","protected":false},"author":2,"featured_media":161076,"comment_status":"closed","ping_status":"closed","sticky":false,"template":"","format":"standard","meta":{"sfsi_plus_gutenberg_text_before_share":"","sfsi_plus_gutenberg_show_text_before_share":"","sfsi_plus_gutenberg_icon_type":"","sfsi_plus_gutenberg_icon_alignemt":"","sfsi_plus_gutenburg_max_per_row":"","footnotes":""},"categories":[11],"tags":[],"class_list":["post-161075","post","type-post","status-publish","format-standard","has-post-thumbnail","hentry","category-politica"],"_links":{"self":[{"href":"https:\/\/www.caririemacao.com\/1\/wp-json\/wp\/v2\/posts\/161075","targetHints":{"allow":["GET"]}}],"collection":[{"href":"https:\/\/www.caririemacao.com\/1\/wp-json\/wp\/v2\/posts"}],"about":[{"href":"https:\/\/www.caririemacao.com\/1\/wp-json\/wp\/v2\/types\/post"}],"author":[{"embeddable":true,"href":"https:\/\/www.caririemacao.com\/1\/wp-json\/wp\/v2\/users\/2"}],"replies":[{"embeddable":true,"href":"https:\/\/www.caririemacao.com\/1\/wp-json\/wp\/v2\/comments?post=161075"}],"version-history":[{"count":1,"href":"https:\/\/www.caririemacao.com\/1\/wp-json\/wp\/v2\/posts\/161075\/revisions"}],"predecessor-version":[{"id":161078,"href":"https:\/\/www.caririemacao.com\/1\/wp-json\/wp\/v2\/posts\/161075\/revisions\/161078"}],"wp:featuredmedia":[{"embeddable":true,"href":"https:\/\/www.caririemacao.com\/1\/wp-json\/wp\/v2\/media\/161076"}],"wp:attachment":[{"href":"https:\/\/www.caririemacao.com\/1\/wp-json\/wp\/v2\/media?parent=161075"}],"wp:term":[{"taxonomy":"category","embeddable":true,"href":"https:\/\/www.caririemacao.com\/1\/wp-json\/wp\/v2\/categories?post=161075"},{"taxonomy":"post_tag","embeddable":true,"href":"https:\/\/www.caririemacao.com\/1\/wp-json\/wp\/v2\/tags?post=161075"}],"curies":[{"name":"wp","href":"https:\/\/api.w.org\/{rel}","templated":true}]}}