{"id":161093,"date":"2020-03-30T10:19:00","date_gmt":"2020-03-30T13:19:00","guid":{"rendered":"http:\/\/www.caririemacao.com\/1\/?p=161093"},"modified":"2020-03-30T10:32:02","modified_gmt":"2020-03-30T13:32:02","slug":"prefeito-de-prata-cancela-sao-joao-e-recursos-serao-revertidos-em-cestas-basicas","status":"publish","type":"post","link":"https:\/\/www.caririemacao.com\/1\/2020\/03\/30\/prefeito-de-prata-cancela-sao-joao-e-recursos-serao-revertidos-em-cestas-basicas\/","title":{"rendered":"Prefeito de Prata cancela S\u00e3o Jo\u00e3o e recursos ser\u00e3o revertidos em cestas b\u00e1sicas"},"content":{"rendered":"\n<p>O Prefeito de Prata, J\u00fanior N\u00f3brega, anunciou o cancelamento das festividades juninas do munic\u00edpio. O motivo do cancelamento \u00e9 a pandemia do Coronav\u00edrus.<\/p>\n\n\n\n<p>O an\u00fancio foi divulgado no Programa de R\u00e1dio na Prata FM da Prefeitura Municipal de Prata no s\u00e1bado, 28. O dinheiro que seria gasto no S\u00e3o Jo\u00e3o vai ser revertido em cestas b\u00e1sicas para serem doadas as fam\u00edlias carentes do munic\u00edpio.<\/p>\n\n\n\n<p>N\u00e3o h\u00e1 clima para uma festa na cidade, promovida pela prefeitura, que pressup\u00f5e que n\u00e3o haja pessoas tranquilas e sem preocupa\u00e7\u00e3o, disse o prefeito J\u00fanior N\u00f3brega por telefone ao programa Falando com o povo.<\/p>\n\n\n\n<p>A distribui\u00e7\u00e3o das cestas b\u00e1sicas ser\u00e3o entregues pela Secretaria de Desenvolvimento Social as fam\u00edlias com maior vulnerabilidade, obedecendo um cadastro feito pela secretaria.<\/p>\n","protected":false},"excerpt":{"rendered":"<p>O Prefeito de Prata, J\u00fanior N\u00f3brega, anunciou o cancelamento das festividades juninas do munic\u00edpio. O motivo do cancelamento \u00e9 a pandemia do Coronav\u00edrus. O an\u00fancio&hellip; <\/p>\n","protected":false},"author":2,"featured_media":161094,"comment_status":"closed","ping_status":"closed","sticky":false,"template":"","format":"standard","meta":{"sfsi_plus_gutenberg_text_before_share":"","sfsi_plus_gutenberg_show_text_before_share":"","sfsi_plus_gutenberg_icon_type":"","sfsi_plus_gutenberg_icon_alignemt":"","sfsi_plus_gutenburg_max_per_row":"","footnotes":""},"categories":[50,2],"tags":[],"class_list":["post-161093","post","type-post","status-publish","format-standard","has-post-thumbnail","hentry","category-destaque","category-geral"],"_links":{"self":[{"href":"https:\/\/www.caririemacao.com\/1\/wp-json\/wp\/v2\/posts\/161093","targetHints":{"allow":["GET"]}}],"collection":[{"href":"https:\/\/www.caririemacao.com\/1\/wp-json\/wp\/v2\/posts"}],"about":[{"href":"https:\/\/www.caririemacao.com\/1\/wp-json\/wp\/v2\/types\/post"}],"author":[{"embeddable":true,"href":"https:\/\/www.caririemacao.com\/1\/wp-json\/wp\/v2\/users\/2"}],"replies":[{"embeddable":true,"href":"https:\/\/www.caririemacao.com\/1\/wp-json\/wp\/v2\/comments?post=161093"}],"version-history":[{"count":2,"href":"https:\/\/www.caririemacao.com\/1\/wp-json\/wp\/v2\/posts\/161093\/revisions"}],"predecessor-version":[{"id":161105,"href":"https:\/\/www.caririemacao.com\/1\/wp-json\/wp\/v2\/posts\/161093\/revisions\/161105"}],"wp:featuredmedia":[{"embeddable":true,"href":"https:\/\/www.caririemacao.com\/1\/wp-json\/wp\/v2\/media\/161094"}],"wp:attachment":[{"href":"https:\/\/www.caririemacao.com\/1\/wp-json\/wp\/v2\/media?parent=161093"}],"wp:term":[{"taxonomy":"category","embeddable":true,"href":"https:\/\/www.caririemacao.com\/1\/wp-json\/wp\/v2\/categories?post=161093"},{"taxonomy":"post_tag","embeddable":true,"href":"https:\/\/www.caririemacao.com\/1\/wp-json\/wp\/v2\/tags?post=161093"}],"curies":[{"name":"wp","href":"https:\/\/api.w.org\/{rel}","templated":true}]}}