{"id":161109,"date":"2020-03-30T10:37:32","date_gmt":"2020-03-30T13:37:32","guid":{"rendered":"http:\/\/www.caririemacao.com\/1\/?p=161109"},"modified":"2020-03-30T12:47:43","modified_gmt":"2020-03-30T15:47:43","slug":"vota-nesta-segunda-feira-auxilio-de-r-600-para-autonomos-e-informais","status":"publish","type":"post","link":"https:\/\/www.caririemacao.com\/1\/2020\/03\/30\/vota-nesta-segunda-feira-auxilio-de-r-600-para-autonomos-e-informais\/","title":{"rendered":"Plen\u00e1rio vota nesta segunda-feira aux\u00edlio de R$ 600 para aut\u00f4nomos e informais"},"content":{"rendered":"\n<p>O Senado vota nesta segunda-feira (30) o pagamento de um aux\u00edlio emergencial por tr\u00eas meses, no valor de R$ 600, destinado aos trabalhadores aut\u00f4nomos, informais e sem renda fixa. O presidente da Casa, Davi Alcolumbre (DEM-AP), havia confirmado a data da vota\u00e7\u00e3o em postagem no Twitter, na \u00faltima sexta-feira (27). Da bancada paraibana, o senador Veneziano Vital do R\u00eago (PSB) j\u00e1 anunciou voto favor\u00e1vel ao aux\u00edlio.<\/p>\n\n\n\n<p>Alcolumbre continua se recuperando ap\u00f3s ser diagnosticado com o novo coronav\u00edrus. Quem tem comandado as sess\u00f5es remotas \u00e9 o vice-presidente, senador Antonio Anastasia (PSD-MG). A sess\u00e3o est\u00e1 prevista para ocorrer \u00e0s 16h. Antes, \u00e0s 10h, os l\u00edderes se reunir\u00e3o, tamb\u00e9m remotamente, para discutir outras vota\u00e7\u00f5es priorit\u00e1rias da semana.<\/p>\n\n\n\n<p>Pelas manifesta\u00e7\u00f5es de senadores nas redes sociais, a expectativa \u00e9 que a medida seja aprovada sem obje\u00e7\u00f5es. Inicialmente, na primeira vers\u00e3o do relat\u00f3rio, o valor proposto era de R$ 500. Ap\u00f3s negocia\u00e7\u00f5es com o l\u00edder do governo, deputado Vitor Hugo (PSL-GO), o Executivo decidiu aumentar para R$ 600 e a&nbsp;proposta foi aprovada na C\u00e2mara dos Deputados na \u00faltima quinta-feira (26).<\/p>\n\n\n\n<p>O aux\u00edlio \u00e9 voltado aos trabalhadores informais (sem carteira assinada), \u00e0s pessoas sem assist\u00eancia social e \u00e0 popula\u00e7\u00e3o que desistiu de procurar emprego. A medida \u00e9 uma forma de amparar as camadas mais vulner\u00e1veis \u00e0 crise econ\u00f4mica causada pela dissemina\u00e7\u00e3o da covid-19&nbsp;no Brasil, e o aux\u00edlio ser\u00e1 distribu\u00eddo por meio de<em>&nbsp;vouchers<\/em>&nbsp;(cupons).<\/p>\n\n\n\n<p><strong>Ag\u00eancia Brasil<\/strong><\/p>\n","protected":false},"excerpt":{"rendered":"<p>O Senado vota nesta segunda-feira (30) o pagamento de um aux\u00edlio emergencial por tr\u00eas meses, no valor de R$ 600, destinado aos trabalhadores aut\u00f4nomos, informais&hellip; <\/p>\n","protected":false},"author":2,"featured_media":161110,"comment_status":"closed","ping_status":"closed","sticky":false,"template":"","format":"standard","meta":{"sfsi_plus_gutenberg_text_before_share":"","sfsi_plus_gutenberg_show_text_before_share":"","sfsi_plus_gutenberg_icon_type":"","sfsi_plus_gutenberg_icon_alignemt":"","sfsi_plus_gutenburg_max_per_row":"","footnotes":""},"categories":[2],"tags":[],"class_list":["post-161109","post","type-post","status-publish","format-standard","has-post-thumbnail","hentry","category-geral"],"_links":{"self":[{"href":"https:\/\/www.caririemacao.com\/1\/wp-json\/wp\/v2\/posts\/161109","targetHints":{"allow":["GET"]}}],"collection":[{"href":"https:\/\/www.caririemacao.com\/1\/wp-json\/wp\/v2\/posts"}],"about":[{"href":"https:\/\/www.caririemacao.com\/1\/wp-json\/wp\/v2\/types\/post"}],"author":[{"embeddable":true,"href":"https:\/\/www.caririemacao.com\/1\/wp-json\/wp\/v2\/users\/2"}],"replies":[{"embeddable":true,"href":"https:\/\/www.caririemacao.com\/1\/wp-json\/wp\/v2\/comments?post=161109"}],"version-history":[{"count":2,"href":"https:\/\/www.caririemacao.com\/1\/wp-json\/wp\/v2\/posts\/161109\/revisions"}],"predecessor-version":[{"id":161145,"href":"https:\/\/www.caririemacao.com\/1\/wp-json\/wp\/v2\/posts\/161109\/revisions\/161145"}],"wp:featuredmedia":[{"embeddable":true,"href":"https:\/\/www.caririemacao.com\/1\/wp-json\/wp\/v2\/media\/161110"}],"wp:attachment":[{"href":"https:\/\/www.caririemacao.com\/1\/wp-json\/wp\/v2\/media?parent=161109"}],"wp:term":[{"taxonomy":"category","embeddable":true,"href":"https:\/\/www.caririemacao.com\/1\/wp-json\/wp\/v2\/categories?post=161109"},{"taxonomy":"post_tag","embeddable":true,"href":"https:\/\/www.caririemacao.com\/1\/wp-json\/wp\/v2\/tags?post=161109"}],"curies":[{"name":"wp","href":"https:\/\/api.w.org\/{rel}","templated":true}]}}