{"id":161113,"date":"2020-03-30T10:41:13","date_gmt":"2020-03-30T13:41:13","guid":{"rendered":"http:\/\/www.caririemacao.com\/1\/?p=161113"},"modified":"2020-03-30T10:41:15","modified_gmt":"2020-03-30T13:41:15","slug":"stf-autoriza-descumprir-lei-de-responsabilidade","status":"publish","type":"post","link":"https:\/\/www.caririemacao.com\/1\/2020\/03\/30\/stf-autoriza-descumprir-lei-de-responsabilidade\/","title":{"rendered":"STF autoriza descumprir Lei de Responsabilidade"},"content":{"rendered":"\n<p>O ministro Alexandre de Moraes, do Supremo Tribunal Federal (STF), concedeu neste domingo (29) liminar que flexibiliza exig\u00eancias da Lei de Responsabilidade Fiscal e da Lei de Diretrizes Or\u00e7ament\u00e1rias para Uni\u00e3o, Estados e Munic\u00edpios que tenham decretado calamidade p\u00fablica em raz\u00e3o da pandemia do coronav\u00edrus. A medida vale enquanto durar o Estado de calamidade p\u00fabica. A a\u00e7\u00e3o foi ajuizada pelo Governo Federal.<\/p>\n\n\n\n<p>Na pr\u00e1tica, o governo fica dispensado da obriga\u00e7\u00e3o de que, para aumentar gastos tribut\u00e1rios indiretos e despesas obrigat\u00f3rias de car\u00e1ter continuado tenha que apresentar estimativas de impacto or\u00e7ament\u00e1rio-financeiro e a compatibilidade com a Lei de Diretrizes Or\u00e7ament\u00e1rias (LDO).&nbsp;O governo tamb\u00e9m n\u00e3o precisa demonstrar origem dos recursos e a compensa\u00e7\u00e3o de seus efeitos financeiros nos exerc\u00edcios seguintes.<\/p>\n\n\n\n<p>\u201cA pandemia de COVID-19 (Coronav\u00edrus) \u00e9 uma amea\u00e7a real e iminente, que ir\u00e1 extenuar a capacidade operacional do sistema p\u00fablico de sa\u00fade, com consequ\u00eancias desastrosas para a popula\u00e7\u00e3o, caso n\u00e3o sejam adotadas medidas de efeito imediato, inclusive no tocante a garantia de subsist\u00eancia, empregabilidade e manuten\u00e7\u00e3o sustent\u00e1vel das empresas\u201d, argumentou o ministro na decis\u00e3o.<\/p>\n\n\n\n<p><strong>MaisPB<\/strong><\/p>\n","protected":false},"excerpt":{"rendered":"<p>O ministro Alexandre de Moraes, do Supremo Tribunal Federal (STF), concedeu neste domingo (29) liminar que flexibiliza exig\u00eancias da Lei de Responsabilidade Fiscal e da&hellip; <\/p>\n","protected":false},"author":2,"featured_media":161114,"comment_status":"closed","ping_status":"closed","sticky":false,"template":"","format":"standard","meta":{"sfsi_plus_gutenberg_text_before_share":"","sfsi_plus_gutenberg_show_text_before_share":"","sfsi_plus_gutenberg_icon_type":"","sfsi_plus_gutenberg_icon_alignemt":"","sfsi_plus_gutenburg_max_per_row":"","footnotes":""},"categories":[2],"tags":[],"class_list":["post-161113","post","type-post","status-publish","format-standard","has-post-thumbnail","hentry","category-geral"],"_links":{"self":[{"href":"https:\/\/www.caririemacao.com\/1\/wp-json\/wp\/v2\/posts\/161113","targetHints":{"allow":["GET"]}}],"collection":[{"href":"https:\/\/www.caririemacao.com\/1\/wp-json\/wp\/v2\/posts"}],"about":[{"href":"https:\/\/www.caririemacao.com\/1\/wp-json\/wp\/v2\/types\/post"}],"author":[{"embeddable":true,"href":"https:\/\/www.caririemacao.com\/1\/wp-json\/wp\/v2\/users\/2"}],"replies":[{"embeddable":true,"href":"https:\/\/www.caririemacao.com\/1\/wp-json\/wp\/v2\/comments?post=161113"}],"version-history":[{"count":1,"href":"https:\/\/www.caririemacao.com\/1\/wp-json\/wp\/v2\/posts\/161113\/revisions"}],"predecessor-version":[{"id":161115,"href":"https:\/\/www.caririemacao.com\/1\/wp-json\/wp\/v2\/posts\/161113\/revisions\/161115"}],"wp:featuredmedia":[{"embeddable":true,"href":"https:\/\/www.caririemacao.com\/1\/wp-json\/wp\/v2\/media\/161114"}],"wp:attachment":[{"href":"https:\/\/www.caririemacao.com\/1\/wp-json\/wp\/v2\/media?parent=161113"}],"wp:term":[{"taxonomy":"category","embeddable":true,"href":"https:\/\/www.caririemacao.com\/1\/wp-json\/wp\/v2\/categories?post=161113"},{"taxonomy":"post_tag","embeddable":true,"href":"https:\/\/www.caririemacao.com\/1\/wp-json\/wp\/v2\/tags?post=161113"}],"curies":[{"name":"wp","href":"https:\/\/api.w.org\/{rel}","templated":true}]}}