{"id":161118,"date":"2020-03-30T11:12:40","date_gmt":"2020-03-30T14:12:40","guid":{"rendered":"http:\/\/www.caririemacao.com\/1\/?p=161118"},"modified":"2020-03-30T11:12:41","modified_gmt":"2020-03-30T14:12:41","slug":"inmet-emite-alerta-de-perigo-por-chuvas-para-joao-pessoa-e-outras-41-cidades-da-pb","status":"publish","type":"post","link":"https:\/\/www.caririemacao.com\/1\/2020\/03\/30\/inmet-emite-alerta-de-perigo-por-chuvas-para-joao-pessoa-e-outras-41-cidades-da-pb\/","title":{"rendered":"Inmet emite alerta de perigo por chuvas, para Jo\u00e3o Pessoa e outras 41 cidades da PB"},"content":{"rendered":"\n<p>Foi emitido na manh\u00e3 desta segunda-feira (30), por volta das 7h, um alerta de perigo de chuvas para Jo\u00e3o Pessoa e outras 41 cidades, a maioria delas do Litoral da Para\u00edba, pelo\u00a0Centro Virtual para Avisos de Eventos Meteorol\u00f3gicos Severos do Instituto Nacional de Meteorologia (Inmet). O alerta laranja vai at\u00e9 as 10h de ter\u00e7a-feira (31).<\/p>\n\n\n\n<p>De acordo com o Inmet, o alerta indica a possibilidade de chuva entre 30 e 60 mm\/h ou at\u00e9 50 a 100 mm\/dia. H\u00e1 risco de alagamentos, e deslizamentos de encostas, transbordamentos de rios.<\/p>\n\n\n\n<p>O Inmet recomenda que os moradores da cidades listadas no alerta evitem enfrentar o mau tempo e fiquem atentos a qualquer tipo de altera\u00e7\u00e3o em encostas. Se poss\u00edvel, \u00e9 recomendado ainda desligar aparelhos el\u00e9tricos ou quadro geral de energia.<\/p>\n\n\n\n<p>O \u00f3rg\u00e3o orienta que as pessoas entrem em contato com a Defesa Civil, por meio do n\u00famero 199, e com o Corpo de Bombeiros, por meio do n\u00famero 193, caso haja qualquer problema.<\/p>\n\n\n\n<h2 class=\"wp-block-heading\">Lista de cidades no alerta<\/h2>\n\n\n\n<ol class=\"wp-block-list\"><li>Jo\u00e3o Pessoa<\/li><li>Alhandra<\/li><li>Ara\u00e7agi<\/li><li>Bayeux<\/li><li>Ba\u00eda Da Trai\u00e7\u00e3o<\/li><li>Caapor\u00e3<\/li><li>Cabedelo<\/li><li>Cai\u00e7ara<\/li><li>Caldas Brand\u00e3o<\/li><li>Capim<\/li><li>Conde<\/li><li>Cruz Do Esp\u00edrito Santo<\/li><li>Cuit\u00e9 De Mamanguape<\/li><li>Curral De Cima<\/li><li>Duas Estradas<\/li><li>Guarabira<\/li><li>Gurinh\u00e9m<\/li><li>Itabaiana<\/li><li>Itapororoca<\/li><li>Jacara\u00fa<\/li><li>Juripiranga<\/li><li>Lagoa De Dentro<\/li><li>Lucena<\/li><li>Mamanguape<\/li><li>Marca\u00e7\u00e3o<\/li><li>Mari<\/li><li>Mataraca<\/li><li>Mogeiro<\/li><li>Mulungu<\/li><li>Pedras De Fogo<\/li><li>Pedro R\u00e9gis<\/li><li>Pilar<\/li><li>Pitimbu<\/li><li>Riach\u00e3o Do Po\u00e7o<\/li><li>Rio Tinto<\/li><li>Salgado De S\u00e3o F\u00e9lix<\/li><li>Santa Rita<\/li><li>Sap\u00e9<\/li><li>Sert\u00e3ozinho<\/li><li>Sobrado<\/li><li>S\u00e3o Jos\u00e9 Dos Ramos<\/li><li>S\u00e3o Miguel De Taipu<\/li><\/ol>\n\n\n\n<p>Com G1PB<\/p>\n","protected":false},"excerpt":{"rendered":"<p>Foi emitido na manh\u00e3 desta segunda-feira (30), por volta das 7h, um alerta de perigo de chuvas para Jo\u00e3o Pessoa e outras 41 cidades, a&hellip; <\/p>\n","protected":false},"author":1,"featured_media":157643,"comment_status":"closed","ping_status":"closed","sticky":false,"template":"","format":"standard","meta":{"sfsi_plus_gutenberg_text_before_share":"","sfsi_plus_gutenberg_show_text_before_share":"","sfsi_plus_gutenberg_icon_type":"","sfsi_plus_gutenberg_icon_alignemt":"","sfsi_plus_gutenburg_max_per_row":"","footnotes":""},"categories":[6],"tags":[],"class_list":["post-161118","post","type-post","status-publish","format-standard","has-post-thumbnail","hentry","category-cidades"],"_links":{"self":[{"href":"https:\/\/www.caririemacao.com\/1\/wp-json\/wp\/v2\/posts\/161118","targetHints":{"allow":["GET"]}}],"collection":[{"href":"https:\/\/www.caririemacao.com\/1\/wp-json\/wp\/v2\/posts"}],"about":[{"href":"https:\/\/www.caririemacao.com\/1\/wp-json\/wp\/v2\/types\/post"}],"author":[{"embeddable":true,"href":"https:\/\/www.caririemacao.com\/1\/wp-json\/wp\/v2\/users\/1"}],"replies":[{"embeddable":true,"href":"https:\/\/www.caririemacao.com\/1\/wp-json\/wp\/v2\/comments?post=161118"}],"version-history":[{"count":1,"href":"https:\/\/www.caririemacao.com\/1\/wp-json\/wp\/v2\/posts\/161118\/revisions"}],"predecessor-version":[{"id":161119,"href":"https:\/\/www.caririemacao.com\/1\/wp-json\/wp\/v2\/posts\/161118\/revisions\/161119"}],"wp:featuredmedia":[{"embeddable":true,"href":"https:\/\/www.caririemacao.com\/1\/wp-json\/wp\/v2\/media\/157643"}],"wp:attachment":[{"href":"https:\/\/www.caririemacao.com\/1\/wp-json\/wp\/v2\/media?parent=161118"}],"wp:term":[{"taxonomy":"category","embeddable":true,"href":"https:\/\/www.caririemacao.com\/1\/wp-json\/wp\/v2\/categories?post=161118"},{"taxonomy":"post_tag","embeddable":true,"href":"https:\/\/www.caririemacao.com\/1\/wp-json\/wp\/v2\/tags?post=161118"}],"curies":[{"name":"wp","href":"https:\/\/api.w.org\/{rel}","templated":true}]}}