{"id":161120,"date":"2020-03-30T11:18:22","date_gmt":"2020-03-30T14:18:22","guid":{"rendered":"http:\/\/www.caririemacao.com\/1\/?p=161120"},"modified":"2020-03-30T11:18:24","modified_gmt":"2020-03-30T14:18:24","slug":"mais-de-r-53-milhoes-sao-destinados-pelo-mpt-para-o-combate-contra-covid-19-na-pb","status":"publish","type":"post","link":"https:\/\/www.caririemacao.com\/1\/2020\/03\/30\/mais-de-r-53-milhoes-sao-destinados-pelo-mpt-para-o-combate-contra-covid-19-na-pb\/","title":{"rendered":"Mais de R$ 5,3 milh\u00f5es s\u00e3o destinados pelo MPT para o combate contra Covid-19, na PB"},"content":{"rendered":"\n<p>O Minist\u00e9rio P\u00fablico do Trabalho (MPT) destinou na \u00faltima semana mais de R$ 5,3 milh\u00f5es para preven\u00e7\u00e3o e combate do coronav\u00edrus (Covid-19) na Para\u00edba. Os valores s\u00e3o resultados da atua\u00e7\u00e3o da Institui\u00e7\u00e3o, indeniza\u00e7\u00f5es por danos morais coletivos e multas trabalhistas.<\/p>\n\n\n\n<p>O MPT destinou aproximadamente R$ 2 milh\u00f5es para a Para\u00edba para aquisi\u00e7\u00e3o de ventiladores pulmonares (pelo menos 20 unidades) e a outra parte do valor para equipamentos de prote\u00e7\u00e3o individual (EPIs) para profissionais que est\u00e3o na linha de frente combatendo a pandemia em hospitais, Unidade de Terapia Intensiva (UTIs) e outras unidades de sa\u00fade. Al\u00e9m disso, h\u00e1 outra destina\u00e7\u00e3o feita pelo MPT ao Fundo Estadual de Sa\u00fade da Para\u00edba, no valor de R$ 828.275,94.<\/p>\n\n\n\n<p>Ao munic\u00edpio de Jo\u00e3o Pessoa foi destinado aproximadamente R$ 1,2 milh\u00e3o para melhor equipar as unidades de sa\u00fade e garantir condi\u00e7\u00f5es mais seguras e adequadas para os respectivos profissionais. De acordo com requerimento do MPT para libera\u00e7\u00e3o dos valores, os recursos ser\u00e3o tamb\u00e9m para aquisi\u00e7\u00e3o de acess\u00f3rios para equipamentos de ventila\u00e7\u00e3o mec\u00e2nica, aquisi\u00e7\u00e3o de acess\u00f3rios para uso em oxigenoterapia nas unidades de sa\u00fade e que ser\u00e3o utilizados nas salas vermelhas das Unidades de Pronto Atendimento (UPAs), UTIs dos hospitais durante interna\u00e7\u00e3o do paciente e nas viaturas do Samu quando realizado o transporte\/transfer\u00eancia.<\/p>\n\n\n\n<p>Al\u00e9m disso, os recursos destinados pelo MPT tamb\u00e9m ir\u00e3o subsidiar a aquisi\u00e7\u00e3o de EPIs, material m\u00e9dico-hospitalar, anti-microbianos, bronco-dilatadores, sedativos, vaso-dilatadores, anti-inflamat\u00f3rios, analg\u00e9sicos e protetor g\u00e1strico necess\u00e1rios ao combate da pandemia de Covid-19.<\/p>\n\n\n\n<p>Tamb\u00e9m houve recurso destinado para o Hospital Universit\u00e1rio da Universidade Federal da Para\u00edba, no campus de Jo\u00e3o Pessoa. O HU Lauro Wanderley recebey R$ 863.953,40 para aquisi\u00e7\u00e3o de equipamentos de prote\u00e7\u00e3o individual para osprofissionais de sa\u00fade da unidade, no combate \u00e0 pandemia de Covid-19.<\/p>\n\n\n\n<h2 class=\"wp-block-heading\">Verbas para Campina Grande<\/h2>\n\n\n\n<p>Em Campina Grande, foi destinado pelo MPT aproximadamente R$ 120 mil para a Secretaria Municipal de Sa\u00fade, para a\u00e7\u00f5es de combate ao novo coronav\u00edrus no munic\u00edpio. Os valores ser\u00e3o investidos, por exemplo, na aquisi\u00e7\u00e3o de \u00f3culos de prote\u00e7\u00e3o; servi\u00e7o de reparo de m\u00e1quina de raio X; aquisi\u00e7\u00e3o de ar condicionado para amplia\u00e7\u00e3o de leitos no Hospital Dom Pedro I (refer\u00eancia para tratar infectados pelo coronav\u00edrus) e, ainda, para combater a dissemina\u00e7\u00e3o de &#8220;fake news&#8221; sobre a pandemia.<\/p>\n\n\n\n<p>O MPT tamb\u00e9m destinou R$ 340 mil para o Fundo Municipal de Sa\u00fade de Campina Grande, para o combate e a preven\u00e7\u00e3o \u00e0 Covid-19.<\/p>\n\n\n\n<p>Para o Hospital Universit\u00e1rio Alcides Carneiro (HUAC), da Universidade Federal de Campina Grande (UFCG) foram destinados R$ 37 mil. O valor ser\u00e1 utilizado na compra de equipamentos de prote\u00e7\u00e3o individual para os seus profissionais, al\u00e9m de itens m\u00e9dico-hospitalares.<\/p>\n\n\n\n<p>Com G1 PB<\/p>\n","protected":false},"excerpt":{"rendered":"<p>O Minist\u00e9rio P\u00fablico do Trabalho (MPT) destinou na \u00faltima semana mais de R$ 5,3 milh\u00f5es para preven\u00e7\u00e3o e combate do coronav\u00edrus (Covid-19) na Para\u00edba. Os&hellip; <\/p>\n","protected":false},"author":1,"featured_media":160581,"comment_status":"closed","ping_status":"closed","sticky":false,"template":"","format":"standard","meta":{"sfsi_plus_gutenberg_text_before_share":"","sfsi_plus_gutenberg_show_text_before_share":"","sfsi_plus_gutenberg_icon_type":"","sfsi_plus_gutenberg_icon_alignemt":"","sfsi_plus_gutenburg_max_per_row":"","footnotes":""},"categories":[16],"tags":[],"class_list":["post-161120","post","type-post","status-publish","format-standard","has-post-thumbnail","hentry","category-saude"],"_links":{"self":[{"href":"https:\/\/www.caririemacao.com\/1\/wp-json\/wp\/v2\/posts\/161120","targetHints":{"allow":["GET"]}}],"collection":[{"href":"https:\/\/www.caririemacao.com\/1\/wp-json\/wp\/v2\/posts"}],"about":[{"href":"https:\/\/www.caririemacao.com\/1\/wp-json\/wp\/v2\/types\/post"}],"author":[{"embeddable":true,"href":"https:\/\/www.caririemacao.com\/1\/wp-json\/wp\/v2\/users\/1"}],"replies":[{"embeddable":true,"href":"https:\/\/www.caririemacao.com\/1\/wp-json\/wp\/v2\/comments?post=161120"}],"version-history":[{"count":1,"href":"https:\/\/www.caririemacao.com\/1\/wp-json\/wp\/v2\/posts\/161120\/revisions"}],"predecessor-version":[{"id":161121,"href":"https:\/\/www.caririemacao.com\/1\/wp-json\/wp\/v2\/posts\/161120\/revisions\/161121"}],"wp:featuredmedia":[{"embeddable":true,"href":"https:\/\/www.caririemacao.com\/1\/wp-json\/wp\/v2\/media\/160581"}],"wp:attachment":[{"href":"https:\/\/www.caririemacao.com\/1\/wp-json\/wp\/v2\/media?parent=161120"}],"wp:term":[{"taxonomy":"category","embeddable":true,"href":"https:\/\/www.caririemacao.com\/1\/wp-json\/wp\/v2\/categories?post=161120"},{"taxonomy":"post_tag","embeddable":true,"href":"https:\/\/www.caririemacao.com\/1\/wp-json\/wp\/v2\/tags?post=161120"}],"curies":[{"name":"wp","href":"https:\/\/api.w.org\/{rel}","templated":true}]}}