{"id":161122,"date":"2020-03-30T11:29:58","date_gmt":"2020-03-30T14:29:58","guid":{"rendered":"http:\/\/www.caririemacao.com\/1\/?p=161122"},"modified":"2020-03-30T11:30:01","modified_gmt":"2020-03-30T14:30:01","slug":"espanha-chega-a-819-mortes-por-covid-19-em-24-horas","status":"publish","type":"post","link":"https:\/\/www.caririemacao.com\/1\/2020\/03\/30\/espanha-chega-a-819-mortes-por-covid-19-em-24-horas\/","title":{"rendered":"Espanha chega a 819 mortes por Covid-19 em 24 horas"},"content":{"rendered":"\n<p>A\u00a0<a href=\"https:\/\/g1.globo.com\/tudo-sobre\/espanha\/\">Espanha\u00a0<\/a>teve 812 mortes por Covid-19 nas \u00faltimas 24 horas, divulgou o Minist\u00e9rio da Sa\u00fade do pa\u00eds nesta segunda (30). O n\u00famero \u00e9 levemente menor que os dos \u00faltimos dois dias: no s\u00e1bado (28),\u00a0o pa\u00eds havia registrado 832 mortes, e no domingo (29), o n\u00famero\u00a0mais alto at\u00e9 ent\u00e3o com 838\u00a0mortes.<\/p>\n\n\n\n<p>Nesta segunda, o n\u00famero de infec\u00e7\u00f5es pelo novo coronav\u00edrus chegou a&nbsp;<strong>85.195&nbsp;<\/strong>na Espanha, 6.398 a mais do que as registradas at\u00e9 domingo, quando havia 78.797 casos. A quantidade de registros da doen\u00e7a na Espanha \u00e9 a terceira maior do mundo e com isso o pa\u00eds ultrapassa as confirma\u00e7\u00f5es da China, ficando atr\u00e1s apenas dos Estados Unidos e da It\u00e1lia.<\/p>\n\n\n\n<p>Ao todo,\u00a0<strong>7.340<\/strong>\u00a0pessoas morreram por Covid-19 no territ\u00f3rio espanhol. O n\u00famero \u00e9 o segundo maior no mundo, menor apenas que o da\u00a0It\u00e1lia\u00a0&#8211; que teve 10.779 mortes, segundo o Minist\u00e9rio da Sa\u00fade italiano.<\/p>\n\n\n\n<figure class=\"wp-block-image\"><img decoding=\"async\" data-src=\"https:\/\/s2.glbimg.com\/MHZsf5NI8UKYVUG2-4cwVNYl7fc=\/0x0:1444x1166\/984x0\/smart\/filters:strip_icc()\/i.s3.glbimg.com\/v1\/AUTH_59edd422c0c84a879bd37670ae4f538a\/internal_photos\/bs\/2020\/A\/N\/idmYQkT6ekACiy1VzhgQ\/paises-mortes-covid-3003.jpg\" alt=\"Gr\u00e1fico: Pa\u00edses com mais mortes por Covid-19 em 30 de mar\u00e7o \u2014 Foto: Elida Oliveira\/G1\" src=\"data:image\/svg+xml;base64,PHN2ZyB3aWR0aD0iMSIgaGVpZ2h0PSIxIiB4bWxucz0iaHR0cDovL3d3dy53My5vcmcvMjAwMC9zdmciPjwvc3ZnPg==\" class=\"lazyload\" \/><\/figure>\n\n\n\n<p>Gr\u00e1fico: Pa\u00edses com mais mortes por Covid-19 em 30 de mar\u00e7o \u2014 Foto: Elida Oliveira\/G1<\/p>\n\n\n\n<figure class=\"wp-block-image\"><img decoding=\"async\" data-src=\"https:\/\/s2.glbimg.com\/cdDbhFn2dJgkr6gkFPQbsEB_NMc=\/0x0:1454x1162\/984x0\/smart\/filters:strip_icc()\/i.s3.glbimg.com\/v1\/AUTH_59edd422c0c84a879bd37670ae4f538a\/internal_photos\/bs\/2020\/j\/W\/1gT8h6SFerB5Ekg4B0Aw\/paises-casos-covid-30032020.jpg\" alt=\"Gr\u00e1fico: Pa\u00edses com mais casos de Covid-19 em 30 de mar\u00e7o \u2014 Foto: Elida Oliveira\/G1\" src=\"data:image\/svg+xml;base64,PHN2ZyB3aWR0aD0iMSIgaGVpZ2h0PSIxIiB4bWxucz0iaHR0cDovL3d3dy53My5vcmcvMjAwMC9zdmciPjwvc3ZnPg==\" class=\"lazyload\" \/><\/figure>\n\n\n\n<p>Gr\u00e1fico: Pa\u00edses com mais casos de Covid-19 em 30 de mar\u00e7o \u2014 Foto: Elida Oliveira\/G1<\/p>\n","protected":false},"excerpt":{"rendered":"<p>A\u00a0Espanha\u00a0teve 812 mortes por Covid-19 nas \u00faltimas 24 horas, divulgou o Minist\u00e9rio da Sa\u00fade do pa\u00eds nesta segunda (30). O n\u00famero \u00e9 levemente menor que&hellip; <\/p>\n","protected":false},"author":1,"featured_media":161125,"comment_status":"closed","ping_status":"closed","sticky":false,"template":"","format":"standard","meta":{"sfsi_plus_gutenberg_text_before_share":"","sfsi_plus_gutenberg_show_text_before_share":"","sfsi_plus_gutenberg_icon_type":"","sfsi_plus_gutenberg_icon_alignemt":"","sfsi_plus_gutenburg_max_per_row":"","footnotes":""},"categories":[16],"tags":[],"class_list":["post-161122","post","type-post","status-publish","format-standard","has-post-thumbnail","hentry","category-saude"],"_links":{"self":[{"href":"https:\/\/www.caririemacao.com\/1\/wp-json\/wp\/v2\/posts\/161122","targetHints":{"allow":["GET"]}}],"collection":[{"href":"https:\/\/www.caririemacao.com\/1\/wp-json\/wp\/v2\/posts"}],"about":[{"href":"https:\/\/www.caririemacao.com\/1\/wp-json\/wp\/v2\/types\/post"}],"author":[{"embeddable":true,"href":"https:\/\/www.caririemacao.com\/1\/wp-json\/wp\/v2\/users\/1"}],"replies":[{"embeddable":true,"href":"https:\/\/www.caririemacao.com\/1\/wp-json\/wp\/v2\/comments?post=161122"}],"version-history":[{"count":1,"href":"https:\/\/www.caririemacao.com\/1\/wp-json\/wp\/v2\/posts\/161122\/revisions"}],"predecessor-version":[{"id":161126,"href":"https:\/\/www.caririemacao.com\/1\/wp-json\/wp\/v2\/posts\/161122\/revisions\/161126"}],"wp:featuredmedia":[{"embeddable":true,"href":"https:\/\/www.caririemacao.com\/1\/wp-json\/wp\/v2\/media\/161125"}],"wp:attachment":[{"href":"https:\/\/www.caririemacao.com\/1\/wp-json\/wp\/v2\/media?parent=161122"}],"wp:term":[{"taxonomy":"category","embeddable":true,"href":"https:\/\/www.caririemacao.com\/1\/wp-json\/wp\/v2\/categories?post=161122"},{"taxonomy":"post_tag","embeddable":true,"href":"https:\/\/www.caririemacao.com\/1\/wp-json\/wp\/v2\/tags?post=161122"}],"curies":[{"name":"wp","href":"https:\/\/api.w.org\/{rel}","templated":true}]}}