{"id":161127,"date":"2020-03-30T11:46:45","date_gmt":"2020-03-30T14:46:45","guid":{"rendered":"http:\/\/www.caririemacao.com\/1\/?p=161127"},"modified":"2020-03-30T12:53:02","modified_gmt":"2020-03-30T15:53:02","slug":"ouro-velho-alunos-da-creche-recebem-merenda-escolar-mesmo-com-aulas-suspensas","status":"publish","type":"post","link":"https:\/\/www.caririemacao.com\/1\/2020\/03\/30\/ouro-velho-alunos-da-creche-recebem-merenda-escolar-mesmo-com-aulas-suspensas\/","title":{"rendered":"Ouro Velho: Alunos da creche recebem merenda escolar, mesmo com aulas suspensas"},"content":{"rendered":"\n<p>Diante do crescimento de casos do&nbsp;coronav\u00edrus&nbsp;no Brasil, a prefeita Nat\u00e1lia de Dr. J\u00fanior havia decretado por um prazo de 90 dias algumas medidas preventivas, que est\u00e3o sendo adotadas no Munic\u00edpio de Ouro Velho. <\/p>\n\n\n\n<p>Umas dessas medidas foi a suspens\u00e3o das aulas das Rede Municipal de Ensino. Sendo assim, tendo em vista que muitas crian\u00e7as que frequentavam as aulas, s\u00e3o de fam\u00edlias com vulnerabilidade social e necessitava que a merenda escolar fosse fornecida pelo Munic\u00edpio. <\/p>\n\n\n\n<figure class=\"wp-block-image size-large\"><img fetchpriority=\"high\" decoding=\"async\" width=\"576\" height=\"1024\" src=\"http:\/\/www.caririemacao.com\/1\/wp-content\/uploads\/2020\/03\/IMG-20200330-WA0041-576x1024.jpg\" alt=\"\" class=\"wp-image-161129\" srcset=\"https:\/\/www.caririemacao.com\/1\/wp-content\/uploads\/2020\/03\/IMG-20200330-WA0041-576x1024.jpg 576w, https:\/\/www.caririemacao.com\/1\/wp-content\/uploads\/2020\/03\/IMG-20200330-WA0041-169x300.jpg 169w, https:\/\/www.caririemacao.com\/1\/wp-content\/uploads\/2020\/03\/IMG-20200330-WA0041.jpg 720w\" sizes=\"(max-width: 576px) 100vw, 576px\" \/><\/figure>\n\n\n\n<p>A prefeita, portanto, decidiu que mesmo com a suspens\u00e3o das aulas, a distribui\u00e7\u00e3o da merenda escolar para as crian\u00e7as fosse mantida. <\/p>\n","protected":false},"excerpt":{"rendered":"<p>Diante do crescimento de casos do&nbsp;coronav\u00edrus&nbsp;no Brasil, a prefeita Nat\u00e1lia de Dr. J\u00fanior havia decretado por um prazo de 90 dias algumas medidas preventivas, que&hellip; <\/p>\n","protected":false},"author":1,"featured_media":161149,"comment_status":"closed","ping_status":"closed","sticky":false,"template":"","format":"standard","meta":{"sfsi_plus_gutenberg_text_before_share":"","sfsi_plus_gutenberg_show_text_before_share":"","sfsi_plus_gutenberg_icon_type":"","sfsi_plus_gutenberg_icon_alignemt":"","sfsi_plus_gutenburg_max_per_row":"","footnotes":""},"categories":[6,50],"tags":[],"class_list":["post-161127","post","type-post","status-publish","format-standard","has-post-thumbnail","hentry","category-cidades","category-destaque"],"_links":{"self":[{"href":"https:\/\/www.caririemacao.com\/1\/wp-json\/wp\/v2\/posts\/161127","targetHints":{"allow":["GET"]}}],"collection":[{"href":"https:\/\/www.caririemacao.com\/1\/wp-json\/wp\/v2\/posts"}],"about":[{"href":"https:\/\/www.caririemacao.com\/1\/wp-json\/wp\/v2\/types\/post"}],"author":[{"embeddable":true,"href":"https:\/\/www.caririemacao.com\/1\/wp-json\/wp\/v2\/users\/1"}],"replies":[{"embeddable":true,"href":"https:\/\/www.caririemacao.com\/1\/wp-json\/wp\/v2\/comments?post=161127"}],"version-history":[{"count":3,"href":"https:\/\/www.caririemacao.com\/1\/wp-json\/wp\/v2\/posts\/161127\/revisions"}],"predecessor-version":[{"id":161150,"href":"https:\/\/www.caririemacao.com\/1\/wp-json\/wp\/v2\/posts\/161127\/revisions\/161150"}],"wp:featuredmedia":[{"embeddable":true,"href":"https:\/\/www.caririemacao.com\/1\/wp-json\/wp\/v2\/media\/161149"}],"wp:attachment":[{"href":"https:\/\/www.caririemacao.com\/1\/wp-json\/wp\/v2\/media?parent=161127"}],"wp:term":[{"taxonomy":"category","embeddable":true,"href":"https:\/\/www.caririemacao.com\/1\/wp-json\/wp\/v2\/categories?post=161127"},{"taxonomy":"post_tag","embeddable":true,"href":"https:\/\/www.caririemacao.com\/1\/wp-json\/wp\/v2\/tags?post=161127"}],"curies":[{"name":"wp","href":"https:\/\/api.w.org\/{rel}","templated":true}]}}