{"id":161135,"date":"2020-03-30T12:17:39","date_gmt":"2020-03-30T15:17:39","guid":{"rendered":"http:\/\/www.caririemacao.com\/1\/?p=161135"},"modified":"2020-03-30T12:20:39","modified_gmt":"2020-03-30T15:20:39","slug":"amparo-prefeitura-efetiva-apagamento-de-marco-para-os-servidores","status":"publish","type":"post","link":"https:\/\/www.caririemacao.com\/1\/2020\/03\/30\/amparo-prefeitura-efetiva-apagamento-de-marco-para-os-servidores\/","title":{"rendered":"Amparo: Prefeitura efetiva pagamento de mar\u00e7o para os servidores"},"content":{"rendered":"\n<p>A Prefeitura Municipal de Amparo atrav\u00e9s de secretaria de administra\u00e7\u00e3o e finan\u00e7as, repassou na manha desta segunda-feira (30), os recursos referentes ao pagamento do m\u00eas de mar\u00e7o dos servidores municipais. <\/p>\n\n\n\n<p><br>&#8220;Al\u00e9m do aquecimento da economia local, estamos cumprindo fielmente a responsabilidade de manter o pagamento dos nossos funcion\u00e1rios dentro do m\u00eas trabalhado para que todos possam arcar com suas responsabilidades econ\u00f4micas assumidas&#8221;. Pontuou o prefeito In\u00e1cio N\u00f3brega.<br><br>Os recursos estar\u00e3o dispon\u00edveis nas contas dos servidores, no final da tarde.<\/p>\n\n\n\n<p><\/p>\n","protected":false},"excerpt":{"rendered":"<p>A Prefeitura Municipal de Amparo atrav\u00e9s de secretaria de administra\u00e7\u00e3o e finan\u00e7as, repassou na manha desta segunda-feira (30), os recursos referentes ao pagamento do m\u00eas&hellip; <\/p>\n","protected":false},"author":1,"featured_media":161136,"comment_status":"closed","ping_status":"closed","sticky":false,"template":"","format":"standard","meta":{"sfsi_plus_gutenberg_text_before_share":"","sfsi_plus_gutenberg_show_text_before_share":"","sfsi_plus_gutenberg_icon_type":"","sfsi_plus_gutenberg_icon_alignemt":"","sfsi_plus_gutenburg_max_per_row":"","footnotes":""},"categories":[6,50],"tags":[],"class_list":["post-161135","post","type-post","status-publish","format-standard","has-post-thumbnail","hentry","category-cidades","category-destaque"],"_links":{"self":[{"href":"https:\/\/www.caririemacao.com\/1\/wp-json\/wp\/v2\/posts\/161135","targetHints":{"allow":["GET"]}}],"collection":[{"href":"https:\/\/www.caririemacao.com\/1\/wp-json\/wp\/v2\/posts"}],"about":[{"href":"https:\/\/www.caririemacao.com\/1\/wp-json\/wp\/v2\/types\/post"}],"author":[{"embeddable":true,"href":"https:\/\/www.caririemacao.com\/1\/wp-json\/wp\/v2\/users\/1"}],"replies":[{"embeddable":true,"href":"https:\/\/www.caririemacao.com\/1\/wp-json\/wp\/v2\/comments?post=161135"}],"version-history":[{"count":3,"href":"https:\/\/www.caririemacao.com\/1\/wp-json\/wp\/v2\/posts\/161135\/revisions"}],"predecessor-version":[{"id":161140,"href":"https:\/\/www.caririemacao.com\/1\/wp-json\/wp\/v2\/posts\/161135\/revisions\/161140"}],"wp:featuredmedia":[{"embeddable":true,"href":"https:\/\/www.caririemacao.com\/1\/wp-json\/wp\/v2\/media\/161136"}],"wp:attachment":[{"href":"https:\/\/www.caririemacao.com\/1\/wp-json\/wp\/v2\/media?parent=161135"}],"wp:term":[{"taxonomy":"category","embeddable":true,"href":"https:\/\/www.caririemacao.com\/1\/wp-json\/wp\/v2\/categories?post=161135"},{"taxonomy":"post_tag","embeddable":true,"href":"https:\/\/www.caririemacao.com\/1\/wp-json\/wp\/v2\/tags?post=161135"}],"curies":[{"name":"wp","href":"https:\/\/api.w.org\/{rel}","templated":true}]}}