{"id":161151,"date":"2020-03-30T13:46:39","date_gmt":"2020-03-30T16:46:39","guid":{"rendered":"http:\/\/www.caririemacao.com\/1\/?p=161151"},"modified":"2020-03-30T13:46:41","modified_gmt":"2020-03-30T16:46:41","slug":"mec-permitira-distribuicao-de-merenda-mesmo-com-escolas-fechadas","status":"publish","type":"post","link":"https:\/\/www.caririemacao.com\/1\/2020\/03\/30\/mec-permitira-distribuicao-de-merenda-mesmo-com-escolas-fechadas\/","title":{"rendered":"MEC permitir\u00e1 distribui\u00e7\u00e3o de merenda, mesmo com escolas fechadas"},"content":{"rendered":"\n<p>O governo prepara uma Medida Provis\u00f3ria para autorizar estados e munic\u00edpios a distribuir a merenda escolar aos estudantes que est\u00e3o sem aula por causa do avan\u00e7o do novo coronav\u00edrus.&nbsp;<\/p>\n\n\n\n<p>A proposta foi formulada pelo Minist\u00e9rio da Educa\u00e7\u00e3o e j\u00e1 foi encaminhada \u00e0 Casa Civil para a publica\u00e7\u00e3o, o que deve ocorrer em breve, segundo fontes a par das tratativas.<\/p>\n\n\n\n<p>Com as aulas suspensas em boa parte do pa\u00eds, gestores locais enfrentam um duplo problema em rela\u00e7\u00e3o \u00e0 merenda: h\u00e1 estoque de alimentos nas escolas fechadas e fam\u00edlias precisando de ajuda para alimentar as crian\u00e7as em casa.<\/p>\n\n\n\n<p>Mas estados e munic\u00edpios alertaram o Minist\u00e9rio da Educa\u00e7\u00e3o que n\u00e3o poderiam simplesmente distribuir a merenda sob o risco de complica\u00e7\u00f5es legais. H\u00e1 uma lei que rege as regras da alimenta\u00e7\u00e3o escolar no pa\u00eds.&nbsp;<\/p>\n\n\n\n<p>O governo repassa recursos ao longo do ano para a compra da merenda por meio do PNAE, o Programa Nacional de Alimenta\u00e7\u00e3o Escolar e o uso do dinheiro \u00e9 fiscalizado em diversas etapas pelo Fundo Nacional da Educa\u00e7\u00e3o B\u00e1sica e pelo Tribunal de Contas da Uni\u00e3o.<\/p>\n\n\n\n<p>A ideia \u00e9 que a medida provis\u00f3ria d\u00ea flexibilidade aos estados e munic\u00edpios para decidir como realizar a distribui\u00e7\u00e3o dos alimentos. Secret\u00e1rios de Educa\u00e7\u00e3o indicaram que, em alguns casos, ser\u00e1 poss\u00edvel levar o alimento diretamente na casa dos estudantes na forma de um \u201ckit\u201d ou cesta b\u00e1sica. Mas alguns Estado e munic\u00edpios t\u00eam limita\u00e7\u00f5es para realizar a entrega e, por isso, eles ser\u00e3o autoriza\u00e7\u00e3o para pensar outra forma de distribuir a merenda.&nbsp;<\/p>\n\n\n\n<p>A medida \u00e9 importante para ajudar as fam\u00edlias, j\u00e1 que muitas crian\u00e7as no pa\u00eds fazem a principal refei\u00e7\u00e3o do dia na escola. Mas tamb\u00e9m d\u00e1 al\u00edvio aos gestores locais. Eles temem que sejam responsabilizados futuramente ao prestar contas sobre o uso do dinheiro federal, j\u00e1 que adquiriram os alimentos antes das escolas fecharem e parte corre o risco de estragar. Al\u00e9m de alimentos n\u00e3o perec\u00edveis, h\u00e1 em estoque nas escolas verduras, legumes e frutas, indicaram os secret\u00e1rios de educa\u00e7\u00e3o.<\/p>\n\n\n\n<p>O tema j\u00e1 est\u00e1 em discuss\u00e3o no Congresso e, na semana passada, a&nbsp;C\u00e2mara dos Deputados aprovou projeto de lei com o objetivo de autorizar a distribui\u00e7\u00e3o da merenda. A medida atendeu pedido do Conselho Nacional de Secret\u00e1rios de Educa\u00e7\u00e3o e da Uni\u00e3o Nacional dos Dirigentes Municipais de Educa\u00e7\u00e3o. O governo entende, por\u00e9m, que a medida provis\u00f3ria agilizar\u00e1 a iniciativa e manteve a costura do texto apesar do avan\u00e7o do tema no parlamento.<\/p>\n\n\n\n<p>Para valer, o projeto ainda tem de ser aprovado pelo Senado, que vem operando em sistema de vota\u00e7\u00e3o virtual como a C\u00e2mara. J\u00e1 a medida provis\u00f3ria tem validade imediata assim que for publicada.<\/p>\n\n\n\n<p>Cr\u00e9dito imagem: Arquivo Senado Federal<\/p>\n\n\n\n<p><strong>News Para\u00edba com CNN Brasil<\/strong><\/p>\n","protected":false},"excerpt":{"rendered":"<p>O governo prepara uma Medida Provis\u00f3ria para autorizar estados e munic\u00edpios a distribuir a merenda escolar aos estudantes que est\u00e3o sem aula por causa do&hellip; <\/p>\n","protected":false},"author":1,"featured_media":161152,"comment_status":"closed","ping_status":"closed","sticky":false,"template":"","format":"standard","meta":{"sfsi_plus_gutenberg_text_before_share":"","sfsi_plus_gutenberg_show_text_before_share":"","sfsi_plus_gutenberg_icon_type":"","sfsi_plus_gutenberg_icon_alignemt":"","sfsi_plus_gutenburg_max_per_row":"","footnotes":""},"categories":[50,14],"tags":[],"class_list":["post-161151","post","type-post","status-publish","format-standard","has-post-thumbnail","hentry","category-destaque","category-educacao"],"_links":{"self":[{"href":"https:\/\/www.caririemacao.com\/1\/wp-json\/wp\/v2\/posts\/161151","targetHints":{"allow":["GET"]}}],"collection":[{"href":"https:\/\/www.caririemacao.com\/1\/wp-json\/wp\/v2\/posts"}],"about":[{"href":"https:\/\/www.caririemacao.com\/1\/wp-json\/wp\/v2\/types\/post"}],"author":[{"embeddable":true,"href":"https:\/\/www.caririemacao.com\/1\/wp-json\/wp\/v2\/users\/1"}],"replies":[{"embeddable":true,"href":"https:\/\/www.caririemacao.com\/1\/wp-json\/wp\/v2\/comments?post=161151"}],"version-history":[{"count":1,"href":"https:\/\/www.caririemacao.com\/1\/wp-json\/wp\/v2\/posts\/161151\/revisions"}],"predecessor-version":[{"id":161153,"href":"https:\/\/www.caririemacao.com\/1\/wp-json\/wp\/v2\/posts\/161151\/revisions\/161153"}],"wp:featuredmedia":[{"embeddable":true,"href":"https:\/\/www.caririemacao.com\/1\/wp-json\/wp\/v2\/media\/161152"}],"wp:attachment":[{"href":"https:\/\/www.caririemacao.com\/1\/wp-json\/wp\/v2\/media?parent=161151"}],"wp:term":[{"taxonomy":"category","embeddable":true,"href":"https:\/\/www.caririemacao.com\/1\/wp-json\/wp\/v2\/categories?post=161151"},{"taxonomy":"post_tag","embeddable":true,"href":"https:\/\/www.caririemacao.com\/1\/wp-json\/wp\/v2\/tags?post=161151"}],"curies":[{"name":"wp","href":"https:\/\/api.w.org\/{rel}","templated":true}]}}