{"id":161160,"date":"2020-03-30T14:18:10","date_gmt":"2020-03-30T17:18:10","guid":{"rendered":"http:\/\/www.caririemacao.com\/1\/?p=161160"},"modified":"2020-03-30T14:18:13","modified_gmt":"2020-03-30T17:18:13","slug":"governadores-do-nordeste-endurecem-o-tom-diante-do-governo-federal","status":"publish","type":"post","link":"https:\/\/www.caririemacao.com\/1\/2020\/03\/30\/governadores-do-nordeste-endurecem-o-tom-diante-do-governo-federal\/","title":{"rendered":"Governadores do Nordeste endurecem o tom diante do governo federal"},"content":{"rendered":"\n<p>Os governadores do Nordeste fizeram reuni\u00e3o por v\u00eddeo-confer\u00eancia na \u00faltima sexta (27) e endureceram o tom em rela\u00e7\u00e3o ao presidente Jair Bolsonaro.<\/p>\n\n\n\n<p>Em nota, eles dizem estar indignados com a postura do governo federal, \u201cque contraria a orienta\u00e7\u00e3o de entidades de reconhecida respeitabilidade e promove campanha de comunica\u00e7\u00e3o no sentido contr\u00e1rio, estimulando, inclusive, carreatas por todo o pa\u00eds contra a quarentena. Este tipo de iniciativa representa um verdadeiro atentado \u00e0 vida\u201d.<\/p>\n\n\n\n<p>Em outro ponto, os governadores pedem o fim das agress\u00f5es por parte do presidente.<\/p>\n\n\n\n<p>\u201cExigimos respeito por parte da Presid\u00eancia da Rep\u00fablica, esperando que cessem, imediatamente, as agress\u00f5es contra os governadores assumindo-se um posicionamento institucional, com seriedade, sobre medidas preventivas\u201d.<\/p>\n\n\n\n<p>Assinada pelos nove governadores do Nordeste, a nota diz que \u201ccom bom senso e equil\u00edbrio, vamos continuar orientados pela ci\u00eancia e pela experi\u00eancia mundial, para nortear todas as medidas, diariamente avaliadas, nesta guerra travada contra o coronav\u00edrus\u201d e que as a\u00e7\u00f5es ser\u00e3o adaptadas \u00e0 realidade de cada regi\u00e3o.<\/p>\n","protected":false},"excerpt":{"rendered":"<p>Os governadores do Nordeste fizeram reuni\u00e3o por v\u00eddeo-confer\u00eancia na \u00faltima sexta (27) e endureceram o tom em rela\u00e7\u00e3o ao presidente Jair Bolsonaro. Em nota, eles&hellip; <\/p>\n","protected":false},"author":2,"featured_media":161161,"comment_status":"closed","ping_status":"closed","sticky":false,"template":"","format":"standard","meta":{"sfsi_plus_gutenberg_text_before_share":"","sfsi_plus_gutenberg_show_text_before_share":"","sfsi_plus_gutenberg_icon_type":"","sfsi_plus_gutenberg_icon_alignemt":"","sfsi_plus_gutenburg_max_per_row":"","footnotes":""},"categories":[50,11],"tags":[],"class_list":["post-161160","post","type-post","status-publish","format-standard","has-post-thumbnail","hentry","category-destaque","category-politica"],"_links":{"self":[{"href":"https:\/\/www.caririemacao.com\/1\/wp-json\/wp\/v2\/posts\/161160","targetHints":{"allow":["GET"]}}],"collection":[{"href":"https:\/\/www.caririemacao.com\/1\/wp-json\/wp\/v2\/posts"}],"about":[{"href":"https:\/\/www.caririemacao.com\/1\/wp-json\/wp\/v2\/types\/post"}],"author":[{"embeddable":true,"href":"https:\/\/www.caririemacao.com\/1\/wp-json\/wp\/v2\/users\/2"}],"replies":[{"embeddable":true,"href":"https:\/\/www.caririemacao.com\/1\/wp-json\/wp\/v2\/comments?post=161160"}],"version-history":[{"count":1,"href":"https:\/\/www.caririemacao.com\/1\/wp-json\/wp\/v2\/posts\/161160\/revisions"}],"predecessor-version":[{"id":161162,"href":"https:\/\/www.caririemacao.com\/1\/wp-json\/wp\/v2\/posts\/161160\/revisions\/161162"}],"wp:featuredmedia":[{"embeddable":true,"href":"https:\/\/www.caririemacao.com\/1\/wp-json\/wp\/v2\/media\/161161"}],"wp:attachment":[{"href":"https:\/\/www.caririemacao.com\/1\/wp-json\/wp\/v2\/media?parent=161160"}],"wp:term":[{"taxonomy":"category","embeddable":true,"href":"https:\/\/www.caririemacao.com\/1\/wp-json\/wp\/v2\/categories?post=161160"},{"taxonomy":"post_tag","embeddable":true,"href":"https:\/\/www.caririemacao.com\/1\/wp-json\/wp\/v2\/tags?post=161160"}],"curies":[{"name":"wp","href":"https:\/\/api.w.org\/{rel}","templated":true}]}}