{"id":161165,"date":"2020-03-30T14:20:22","date_gmt":"2020-03-30T17:20:22","guid":{"rendered":"http:\/\/www.caririemacao.com\/1\/?p=161165"},"modified":"2020-03-30T14:20:24","modified_gmt":"2020-03-30T17:20:24","slug":"comite-olimpico-internacional-anuncia-data-da-olimpiada-do-japao","status":"publish","type":"post","link":"https:\/\/www.caririemacao.com\/1\/2020\/03\/30\/comite-olimpico-internacional-anuncia-data-da-olimpiada-do-japao\/","title":{"rendered":"Comit\u00ea Ol\u00edmpico Internacional anuncia data da Olimp\u00edada do Jap\u00e3o"},"content":{"rendered":"\n<p>A Olimp\u00edada de T\u00f3quio, adiada em raz\u00e3o da pandemia do coronav\u00edrus, j\u00e1 tem nova data para acontecer. Segundo o Comit\u00ea Ol\u00edmpico Internacional, os Jogos ser\u00e3o disputados de 23 de julho a 8 de agosto de 2021.<\/p>\n\n\n\n<p>A Paralimp\u00edada tamb\u00e9m ganhou nova data: de 24 de agosto a 5 de setembro do ano que vem.<\/p>\n\n\n\n<p>O an\u00fancio foi feito nesta segunda-feira (30) pela organiza\u00e7\u00e3o do evento ap\u00f3s reuni\u00e3o entre o presidente do COI (Comit\u00ea Ol\u00edmpico Internacional), Thomas Bach, o Ministro da Olimp\u00edada e da Paralimp\u00edada, o governador de T\u00f3quio e o presidente do comit\u00ea organizador.<\/p>\n\n\n\n<p>De acordo com Bach, a Olimp\u00edada foi adiada em um ano para que equipes e atletas tenham tempo suficiente de prepara\u00e7\u00e3o.<\/p>\n\n\n\n<p>\u201cEu gostaria de agradecer \u00e0s federa\u00e7\u00f5es internacionais por seu apoio un\u00e2nime e aos comit\u00eas ol\u00edmpicos nacionais pela grande parceria e suporte no processo de consulta dos \u00faltimos dias. Eu tamb\u00e9m gostaria de agradecer \u00e0 Comiss\u00e3o de Atletas do COI, com quem estivemos em constante contato. Com este an\u00fancio, estou confiante que, trabalhando junto com o comit\u00ea organizador de T\u00f3quio-2020, o governo metropolitano de T\u00f3quio, o governo japon\u00eas e nossos s\u00f3cios, poderemos superar esse desafio sem precedentes. A humanidade se encontra atualmente em um t\u00fanel escuro. Os Jogos Ol\u00edmpicos de T\u00f3quio poder\u00e3o ser uma luz no fim desse t\u00fanel\u201d, disse Thomas Bach, em comunicado divulgado pela organiza\u00e7\u00e3o do evento.<\/p>\n\n\n\n<p>Os Jogos, que deveriam acontecer entre 24 de julho e 9 de agosto deste ano, foram impossibilitados pela pandemia de coronav\u00edrus que assolou o mundo, cancelando eventos classificat\u00f3rios e for\u00e7ando esportistas a interromperem suas rotinas de treino com a necessidade de isolamento.<\/p>\n\n\n\n<p>Os organizadores da Olimp\u00edada tamb\u00e9m confirmaram que os atletas j\u00e1 classificados teriam suas vagas mantidas, j\u00e1 que, apesar do adiamento, o evento continuar\u00e1 a ser chamado de T\u00f3quio-2020.<\/p>\n","protected":false},"excerpt":{"rendered":"<p>A Olimp\u00edada de T\u00f3quio, adiada em raz\u00e3o da pandemia do coronav\u00edrus, j\u00e1 tem nova data para acontecer. Segundo o Comit\u00ea Ol\u00edmpico Internacional, os Jogos ser\u00e3o&hellip; <\/p>\n","protected":false},"author":2,"featured_media":161167,"comment_status":"closed","ping_status":"closed","sticky":false,"template":"","format":"standard","meta":{"sfsi_plus_gutenberg_text_before_share":"","sfsi_plus_gutenberg_show_text_before_share":"","sfsi_plus_gutenberg_icon_type":"","sfsi_plus_gutenberg_icon_alignemt":"","sfsi_plus_gutenburg_max_per_row":"","footnotes":""},"categories":[13],"tags":[],"class_list":["post-161165","post","type-post","status-publish","format-standard","has-post-thumbnail","hentry","category-esportes"],"_links":{"self":[{"href":"https:\/\/www.caririemacao.com\/1\/wp-json\/wp\/v2\/posts\/161165","targetHints":{"allow":["GET"]}}],"collection":[{"href":"https:\/\/www.caririemacao.com\/1\/wp-json\/wp\/v2\/posts"}],"about":[{"href":"https:\/\/www.caririemacao.com\/1\/wp-json\/wp\/v2\/types\/post"}],"author":[{"embeddable":true,"href":"https:\/\/www.caririemacao.com\/1\/wp-json\/wp\/v2\/users\/2"}],"replies":[{"embeddable":true,"href":"https:\/\/www.caririemacao.com\/1\/wp-json\/wp\/v2\/comments?post=161165"}],"version-history":[{"count":1,"href":"https:\/\/www.caririemacao.com\/1\/wp-json\/wp\/v2\/posts\/161165\/revisions"}],"predecessor-version":[{"id":161168,"href":"https:\/\/www.caririemacao.com\/1\/wp-json\/wp\/v2\/posts\/161165\/revisions\/161168"}],"wp:featuredmedia":[{"embeddable":true,"href":"https:\/\/www.caririemacao.com\/1\/wp-json\/wp\/v2\/media\/161167"}],"wp:attachment":[{"href":"https:\/\/www.caririemacao.com\/1\/wp-json\/wp\/v2\/media?parent=161165"}],"wp:term":[{"taxonomy":"category","embeddable":true,"href":"https:\/\/www.caririemacao.com\/1\/wp-json\/wp\/v2\/categories?post=161165"},{"taxonomy":"post_tag","embeddable":true,"href":"https:\/\/www.caririemacao.com\/1\/wp-json\/wp\/v2\/tags?post=161165"}],"curies":[{"name":"wp","href":"https:\/\/api.w.org\/{rel}","templated":true}]}}