{"id":161175,"date":"2020-03-30T14:23:16","date_gmt":"2020-03-30T17:23:16","guid":{"rendered":"http:\/\/www.caririemacao.com\/1\/?p=161175"},"modified":"2020-03-30T14:23:17","modified_gmt":"2020-03-30T17:23:17","slug":"cientistas-comecam-a-decifrar-identidade-do-novo-coronavirus-no-brasil","status":"publish","type":"post","link":"https:\/\/www.caririemacao.com\/1\/2020\/03\/30\/cientistas-comecam-a-decifrar-identidade-do-novo-coronavirus-no-brasil\/","title":{"rendered":"Cientistas come\u00e7am a decifrar identidade do novo coronav\u00edrus no Brasil"},"content":{"rendered":"\n<p>Um grupo de cientistas brasileiros fez o sequenciamento gen\u00e9tico do novo coronav\u00edrus que circula pelo Brasil, o que permite abrir um banco com informa\u00e7\u00f5es sobre a identidade que o microrganismo est\u00e1 ganhando desde que desembarcou por aqui.<\/p>\n\n\n\n<p>Segundo os pesquisadores, o v\u00edrus j\u00e1 est\u00e1 em muta\u00e7\u00e3o, ganhando caracter\u00edsticas pr\u00f3prias enquanto se espalha pela regi\u00e3o.<\/p>\n\n\n\n<p>O resultado do trabalho indica tamb\u00e9m que o v\u00edrus chegou ao Brasil vindo, principalmente, da Europa -poucos casos chegaram importados da \u00c1sia. \u201cO estudo confirma que a transmiss\u00e3o comunit\u00e1ria \u00e9 real ao identificar agrupamentos de v\u00edrus muito parecidos entre si\u201d, diz Ana Tereza Vasconcelos, coordenadora do Laborat\u00f3rio de Bioinform\u00e1tica do LNCC (Laborat\u00f3rio Nacional de Computa\u00e7\u00e3o Cient\u00edfica).<\/p>\n\n\n\n<p>O LNCC participou da iniciativa com a UFRJ e a UFMG (Universidade Federal de Minas Gerais). Pesquisadores do Instituto de Medicina Tropical da Faculdade de Medicina da USP e da Universidade de Oxford colaboraram no projeto.<\/p>\n\n\n\n<p>A equipe fez 19 sequenciamentos de v\u00edrus que infectaram pacientes da Covid-19 no Rio de Janeiro, S\u00e3o Paulo, Minas Gerais, Goi\u00e1s e Rio Grande do Sul, com amostras cedidas pelos laborat\u00f3rios Hermes Pardini e Simile Medicina Diagn\u00f3stica, de Belo Horizonte, e pelo Hospital Universit\u00e1rio da UFRJ (Universidade Federal do Rio de Janeiro).<\/p>\n\n\n\n<p>Com o apoio de estudantes de p\u00f3s-gradua\u00e7\u00e3o, os resultados ficaram prontos dentro de um final de semana, nos dias 21 e 22 de mar\u00e7o.<\/p>\n\n\n\n<p>Conhecer as caracter\u00edsticas gen\u00e9ticas do v\u00edrus \u00e9 essencial para a elabora\u00e7\u00e3o de novos testes de diagn\u00f3stico e tamb\u00e9m para a produ\u00e7\u00e3o da vacina contra a Covid-19.<\/p>\n\n\n\n<p>Os pesquisadores destacam que o estudo n\u00e3o indica que o v\u00edrus esteja ficando mais letal ou agressivo. A ideia dos cientistas agora \u00e9 contar com mais grupos de pesquisa pelo pa\u00eds que v\u00e3o formar uma rede para rastrear os passos do coronav\u00edrus e seguir catalogando as muta\u00e7\u00f5es.<\/p>\n\n\n\n<p>\u201c\u00c9 importante ter v\u00e1rios grupos de diferentes regi\u00f5es trabalhando nisso para entender como \u00e9 a distribui\u00e7\u00e3o do v\u00edrus pelo pa\u00eds. A tend\u00eancia \u00e9 que esse tipo de tecnologia [para sequenciar o genoma] fique para quando outros v\u00edrus aparecerem\u201d, afirma Ester Sabino, diretora do Instituto de Medicina Tropical da USP.<\/p>\n\n\n\n<p>A pesquisadora foi uma das respons\u00e1veis pelo sequenciamento do genoma do v\u00edrus que causou o primeiro caso confirmado de Covid-19 no Brasil, no final de fevereiro.<\/p>\n\n\n\n<p>No futuro, o banco de dados que est\u00e1 sendo constru\u00eddo pode ajudar a identificar os motivos de uma regi\u00e3o ser mais afetada do que outra. Estudos com o genoma do v\u00edrus tamb\u00e9m podem ser feitos com pacientes que tiveram a forma mais grave da doen\u00e7a para investigar se o v\u00edrus que os infectou tem alguma caracter\u00edstica que o torna mais agressivo.<\/p>\n\n\n\n<p>O sequenciamento contou com o suporte do supercomputador Santos Dumont, abrigado no LNCC. A institui\u00e7\u00e3o, que fica em Petr\u00f3polis (RJ), e a Coppe (Instituto Alberto Luiz Coimbra de P\u00f3s-Gradua\u00e7\u00e3o e Pesquisa de Engenharia), da UFRJ, abriram uma chamada p\u00fablica para projetos de pesquisa que busquem uma solu\u00e7\u00e3o para a pandemia da Covid-19.<\/p>\n\n\n\n<p>Cientistas de toda a Am\u00e9rica Latina podem se inscrever para usar a capacidade de computa\u00e7\u00e3o do Santos Dumont e do Lobo Carneiro (supercomputador da Coppe) para desenvolver seus projetos.<\/p>\n","protected":false},"excerpt":{"rendered":"<p>Um grupo de cientistas brasileiros fez o sequenciamento gen\u00e9tico do novo coronav\u00edrus que circula pelo Brasil, o que permite abrir um banco com informa\u00e7\u00f5es sobre&hellip; <\/p>\n","protected":false},"author":2,"featured_media":161176,"comment_status":"closed","ping_status":"closed","sticky":false,"template":"","format":"standard","meta":{"sfsi_plus_gutenberg_text_before_share":"","sfsi_plus_gutenberg_show_text_before_share":"","sfsi_plus_gutenberg_icon_type":"","sfsi_plus_gutenberg_icon_alignemt":"","sfsi_plus_gutenburg_max_per_row":"","footnotes":""},"categories":[16],"tags":[],"class_list":["post-161175","post","type-post","status-publish","format-standard","has-post-thumbnail","hentry","category-saude"],"_links":{"self":[{"href":"https:\/\/www.caririemacao.com\/1\/wp-json\/wp\/v2\/posts\/161175","targetHints":{"allow":["GET"]}}],"collection":[{"href":"https:\/\/www.caririemacao.com\/1\/wp-json\/wp\/v2\/posts"}],"about":[{"href":"https:\/\/www.caririemacao.com\/1\/wp-json\/wp\/v2\/types\/post"}],"author":[{"embeddable":true,"href":"https:\/\/www.caririemacao.com\/1\/wp-json\/wp\/v2\/users\/2"}],"replies":[{"embeddable":true,"href":"https:\/\/www.caririemacao.com\/1\/wp-json\/wp\/v2\/comments?post=161175"}],"version-history":[{"count":1,"href":"https:\/\/www.caririemacao.com\/1\/wp-json\/wp\/v2\/posts\/161175\/revisions"}],"predecessor-version":[{"id":161177,"href":"https:\/\/www.caririemacao.com\/1\/wp-json\/wp\/v2\/posts\/161175\/revisions\/161177"}],"wp:featuredmedia":[{"embeddable":true,"href":"https:\/\/www.caririemacao.com\/1\/wp-json\/wp\/v2\/media\/161176"}],"wp:attachment":[{"href":"https:\/\/www.caririemacao.com\/1\/wp-json\/wp\/v2\/media?parent=161175"}],"wp:term":[{"taxonomy":"category","embeddable":true,"href":"https:\/\/www.caririemacao.com\/1\/wp-json\/wp\/v2\/categories?post=161175"},{"taxonomy":"post_tag","embeddable":true,"href":"https:\/\/www.caririemacao.com\/1\/wp-json\/wp\/v2\/tags?post=161175"}],"curies":[{"name":"wp","href":"https:\/\/api.w.org\/{rel}","templated":true}]}}