{"id":161183,"date":"2020-03-30T14:30:58","date_gmt":"2020-03-30T17:30:58","guid":{"rendered":"http:\/\/www.caririemacao.com\/1\/?p=161183"},"modified":"2020-03-30T14:31:00","modified_gmt":"2020-03-30T17:31:00","slug":"secretaria-da-saude-confirma-15o-caso-de-coronavirus-na-paraiba","status":"publish","type":"post","link":"https:\/\/www.caririemacao.com\/1\/2020\/03\/30\/secretaria-da-saude-confirma-15o-caso-de-coronavirus-na-paraiba\/","title":{"rendered":"Secretaria da Sa\u00fade confirma 15\u00ba caso de Coronav\u00edrus na Para\u00edba"},"content":{"rendered":"\n<p><br>A Secretaria de Sa\u00fade da Para\u00edba confirmou atrav\u00e9s do boletim enviado \u00e0s 11h desta segunda-feira (30), o 15\u00ba caso de Coronav\u00edrus no Estado. O caso confirmado trata-se de um homem, 69 anos, residente de Jo\u00e3o Pessoa. Segue em isolamento domiciliar acompanhado pela vigil\u00e2ncia municipal.&nbsp;&nbsp;<\/p>\n\n\n\n<p>Ainda segundo o boletim, 349 casos foram descartados e nenhum \u00f3bito foi confirmado.&nbsp;<\/p>\n\n\n\n<p>Ao todo&nbsp;90 casos suspeitos est\u00e3o internados, sendo 25 em UTI, 13 deles em hospitais p\u00fablicos e&nbsp; 65 em leito regular, destes, 31 em hospitais p\u00fablicos.<\/p>\n\n\n\n<p><strong>Confira o boletim completo<\/strong><\/p>\n\n\n\n<p><em>Governo da Para\u00edba<br>Secretaria de Estado da Sa\u00fade<\/em><\/p>\n\n\n\n<p><em>Atualiza\u00e7\u00e3o COVID-19 30\/03 | 11h<\/em><\/p>\n\n\n\n<p><em>Casos Confirmados: 15<br>Casos Descartados: 349&nbsp;<br>\u00d3bitos confirmados: 0<br>&nbsp;<br>O caso confirmado trata-se de um homem, 69 anos, residente de Jo\u00e3o Pessoa. Segue em isolamento domiciliar acompanhado pela vigil\u00e2ncia municipal.&nbsp;&nbsp;<\/em><\/p>\n\n\n\n<p><em>Com este resultado, a Para\u00edba passa a contabilizar 15 casos confirmados, sendo 11&nbsp;na capital, Jo\u00e3o Pessoa, dois em Campina Grande, um em Igaracy e um em Sousa. Apenas um desses casos, uma mulher de 55 anos, est\u00e1 internada em leito regular de hospital privado na capital.&nbsp;<\/em><\/p>\n\n\n\n<p><em>90 casos suspeitos internados, sendo 25 em UTI, 13 deles em hospitais p\u00fablicos e&nbsp; 65 em leito regular, destes, 31 em hospitais p\u00fablicos.<\/em><\/p>\n","protected":false},"excerpt":{"rendered":"<p>A Secretaria de Sa\u00fade da Para\u00edba confirmou atrav\u00e9s do boletim enviado \u00e0s 11h desta segunda-feira (30), o 15\u00ba caso de Coronav\u00edrus no Estado. O caso&hellip; <\/p>\n","protected":false},"author":2,"featured_media":161018,"comment_status":"closed","ping_status":"closed","sticky":false,"template":"","format":"standard","meta":{"sfsi_plus_gutenberg_text_before_share":"","sfsi_plus_gutenberg_show_text_before_share":"","sfsi_plus_gutenberg_icon_type":"","sfsi_plus_gutenberg_icon_alignemt":"","sfsi_plus_gutenburg_max_per_row":"","footnotes":""},"categories":[16],"tags":[],"class_list":["post-161183","post","type-post","status-publish","format-standard","has-post-thumbnail","hentry","category-saude"],"_links":{"self":[{"href":"https:\/\/www.caririemacao.com\/1\/wp-json\/wp\/v2\/posts\/161183","targetHints":{"allow":["GET"]}}],"collection":[{"href":"https:\/\/www.caririemacao.com\/1\/wp-json\/wp\/v2\/posts"}],"about":[{"href":"https:\/\/www.caririemacao.com\/1\/wp-json\/wp\/v2\/types\/post"}],"author":[{"embeddable":true,"href":"https:\/\/www.caririemacao.com\/1\/wp-json\/wp\/v2\/users\/2"}],"replies":[{"embeddable":true,"href":"https:\/\/www.caririemacao.com\/1\/wp-json\/wp\/v2\/comments?post=161183"}],"version-history":[{"count":1,"href":"https:\/\/www.caririemacao.com\/1\/wp-json\/wp\/v2\/posts\/161183\/revisions"}],"predecessor-version":[{"id":161184,"href":"https:\/\/www.caririemacao.com\/1\/wp-json\/wp\/v2\/posts\/161183\/revisions\/161184"}],"wp:featuredmedia":[{"embeddable":true,"href":"https:\/\/www.caririemacao.com\/1\/wp-json\/wp\/v2\/media\/161018"}],"wp:attachment":[{"href":"https:\/\/www.caririemacao.com\/1\/wp-json\/wp\/v2\/media?parent=161183"}],"wp:term":[{"taxonomy":"category","embeddable":true,"href":"https:\/\/www.caririemacao.com\/1\/wp-json\/wp\/v2\/categories?post=161183"},{"taxonomy":"post_tag","embeddable":true,"href":"https:\/\/www.caririemacao.com\/1\/wp-json\/wp\/v2\/tags?post=161183"}],"curies":[{"name":"wp","href":"https:\/\/api.w.org\/{rel}","templated":true}]}}