{"id":161187,"date":"2020-03-30T14:32:17","date_gmt":"2020-03-30T17:32:17","guid":{"rendered":"http:\/\/www.caririemacao.com\/1\/?p=161187"},"modified":"2020-03-30T14:32:19","modified_gmt":"2020-03-30T17:32:19","slug":"acude-pocoes-atinge-a-sua-capacidade-maxima-e-comeca-a-transbordar-no-municipio-de-monteiro","status":"publish","type":"post","link":"https:\/\/www.caririemacao.com\/1\/2020\/03\/30\/acude-pocoes-atinge-a-sua-capacidade-maxima-e-comeca-a-transbordar-no-municipio-de-monteiro\/","title":{"rendered":"A\u00e7ude Po\u00e7\u00f5es atinge a sua capacidade m\u00e1xima e come\u00e7a a transbordar no munic\u00edpio de Monteiro"},"content":{"rendered":"\n<p>Com as fortes chuvas que vem caindo constantemente no Cariri paraibano, outro a\u00e7ude da regi\u00e3o chegou a sua capacidade total e come\u00e7ou a transbordar na manh\u00e3 desta segunda-feira, dia 30 de mar\u00e7o.<\/p>\n\n\n\n<p>O a\u00e7ude Po\u00e7\u00f5es, localizado no munic\u00edpio de Monteiro, recebeu uma recarga de 29.938.903 m\u00b3 de \u00e1gua e acabou atingindo 100,26%, ultrapassando a capacidade total do manancial. &nbsp;O a\u00e7ude tem capacidade para armazenar 29.861.562 m\u00b3 de \u00e1gua, sendo considerado um dos maiores da regi\u00e3o.<\/p>\n\n\n\n<p>O a\u00e7ude faz parte do Projeto de Integra\u00e7\u00e3o do Rio S\u00e3o Francisco, e estava com as suas comportas abertas desde o \u00faltimo dia 23, e at\u00e9 aquela data estava com menos de 20% de sua capacidade, e em apenas oito dias, o a\u00e7ude atingiu o seu volume m\u00e1ximo, devido o fluxo de \u00e1gua no Rio Para\u00edba.<\/p>\n\n\n\n<p>As \u00e1guas de Po\u00e7\u00f5es seguem para o A\u00e7ude de Camala\u00fa, que j\u00e1 est\u00e1 com 90,65% de sua capacidade, que equivale a 43.610.304 m\u00b3 de \u00e1gua, e pode atingir o seu n\u00edvel m\u00e1ximo nos pr\u00f3ximos dias.<\/p>\n\n\n\n<p><strong>VEJA O MOMENTO EM QUE O MANANCIAL COME\u00c7A A TRANSBORDAR:<\/strong><\/p>\n\n\n\n<figure><iframe data-src=\"https:\/\/www.facebook.com\/plugins\/video.php?href=https%3A%2F%2Fwww.facebook.com%2Fdeolho.nocariri%2Fvideos%2F209535206941325%2F&amp;show_text=0&amp;width=560\" width=\"560\" height=\"308\" allowfullscreen=\"allowfullscreen\" src=\"data:image\/svg+xml;base64,PHN2ZyB3aWR0aD0iMSIgaGVpZ2h0PSIxIiB4bWxucz0iaHR0cDovL3d3dy53My5vcmcvMjAwMC9zdmciPjwvc3ZnPg==\" class=\"lazyload\" data-load-mode=\"1\"><\/iframe><\/figure>\n\n\n\n<p><strong>De Olho no Cariri<\/strong><\/p>\n","protected":false},"excerpt":{"rendered":"<p>Com as fortes chuvas que vem caindo constantemente no Cariri paraibano, outro a\u00e7ude da regi\u00e3o chegou a sua capacidade total e come\u00e7ou a transbordar na&hellip; <\/p>\n","protected":false},"author":2,"featured_media":161188,"comment_status":"closed","ping_status":"closed","sticky":false,"template":"","format":"standard","meta":{"sfsi_plus_gutenberg_text_before_share":"","sfsi_plus_gutenberg_show_text_before_share":"","sfsi_plus_gutenberg_icon_type":"","sfsi_plus_gutenberg_icon_alignemt":"","sfsi_plus_gutenburg_max_per_row":"","footnotes":""},"categories":[6],"tags":[],"class_list":["post-161187","post","type-post","status-publish","format-standard","has-post-thumbnail","hentry","category-cidades"],"_links":{"self":[{"href":"https:\/\/www.caririemacao.com\/1\/wp-json\/wp\/v2\/posts\/161187","targetHints":{"allow":["GET"]}}],"collection":[{"href":"https:\/\/www.caririemacao.com\/1\/wp-json\/wp\/v2\/posts"}],"about":[{"href":"https:\/\/www.caririemacao.com\/1\/wp-json\/wp\/v2\/types\/post"}],"author":[{"embeddable":true,"href":"https:\/\/www.caririemacao.com\/1\/wp-json\/wp\/v2\/users\/2"}],"replies":[{"embeddable":true,"href":"https:\/\/www.caririemacao.com\/1\/wp-json\/wp\/v2\/comments?post=161187"}],"version-history":[{"count":1,"href":"https:\/\/www.caririemacao.com\/1\/wp-json\/wp\/v2\/posts\/161187\/revisions"}],"predecessor-version":[{"id":161189,"href":"https:\/\/www.caririemacao.com\/1\/wp-json\/wp\/v2\/posts\/161187\/revisions\/161189"}],"wp:featuredmedia":[{"embeddable":true,"href":"https:\/\/www.caririemacao.com\/1\/wp-json\/wp\/v2\/media\/161188"}],"wp:attachment":[{"href":"https:\/\/www.caririemacao.com\/1\/wp-json\/wp\/v2\/media?parent=161187"}],"wp:term":[{"taxonomy":"category","embeddable":true,"href":"https:\/\/www.caririemacao.com\/1\/wp-json\/wp\/v2\/categories?post=161187"},{"taxonomy":"post_tag","embeddable":true,"href":"https:\/\/www.caririemacao.com\/1\/wp-json\/wp\/v2\/tags?post=161187"}],"curies":[{"name":"wp","href":"https:\/\/api.w.org\/{rel}","templated":true}]}}