{"id":161196,"date":"2020-03-30T14:37:17","date_gmt":"2020-03-30T17:37:17","guid":{"rendered":"http:\/\/www.caririemacao.com\/1\/?p=161196"},"modified":"2020-03-30T14:37:19","modified_gmt":"2020-03-30T17:37:19","slug":"secretaria-de-saude-de-monteiro-realiza-desinfeccao-de-ruas-proximo-a-centros-de-saude","status":"publish","type":"post","link":"https:\/\/www.caririemacao.com\/1\/2020\/03\/30\/secretaria-de-saude-de-monteiro-realiza-desinfeccao-de-ruas-proximo-a-centros-de-saude\/","title":{"rendered":"Secretaria de Sa\u00fade de Monteiro realiza desinfec\u00e7\u00e3o de ruas pr\u00f3ximo a centros de Sa\u00fade"},"content":{"rendered":"\n<p>A Prefeitura de Monteiro, atrav\u00e9s da Secretaria de Sa\u00fade, informa que a partir desta ter\u00e7a-feira, dia 31, iniciar\u00e1 atrav\u00e9s dos Agentes de Endemias e Bombeiros Civis o processo de desinfec\u00e7\u00e3o iniciando pelas imedia\u00e7\u00f5es do Hospital Regional Santa Filomena, Alto do S\u00e3o Vicente e Vila Santa Maria.<\/p>\n\n\n\n<p>De acordo com a secret\u00e1ria de Sa\u00fade, Paula Oliveira, o trabalho ser\u00e1 realizado pelos funcion\u00e1rios da sa\u00fade com o apoio dos Bombeiros que utilizar\u00e3o equipamentos de prote\u00e7\u00e3o individual, com apoio de um caminh\u00e3o-pipa e bombas.<\/p>\n\n\n\n<p>\u00c9 importante frisar que neste per\u00edodo todos os comerciantes devem fechar seus estabelecimentos a partir das 15 horas e os moradores destas \u00e1reas devem ficar dentro de casa com as portas fechadas durante o processo e permanecer por no m\u00ednimo 1h ainda sem sair das resid\u00eancias ap\u00f3s a desinfec\u00e7\u00e3o.<\/p>\n\n\n\n<p>O objetivo \u00e9 reduzir o risco de contamina\u00e7\u00e3o pelo novo coronav\u00edrus. Esta \u00e9 mais uma das medidas adotadas pela administra\u00e7\u00e3o municipal para proteger a popula\u00e7\u00e3o, para que Monteiro continue sem nenhum caso da doen\u00e7a<\/p>\n\n\n\n<p>.A secret\u00e1ria Paula Oliveira ainda lembra que, apesar da desinfec\u00e7\u00e3o, a principal medida para evitar que o coronav\u00edrus se espalhe \u00e9 o isolamento social e novamente renova o apelo \u00e0 popula\u00e7\u00e3o. <\/p>\n\n\n\n<p>\u201cN\u00f3s temos observado que nos \u00faltimos dias tem mais pessoas nas ruas descumprindo nossas orienta\u00e7\u00f5es. N\u00e3o temos estat\u00edsticas, mas \u00e9 gritante a diferen\u00e7a entre os primeiros dias \u00e9 o momento atual, e isso \u00e9 muito perigoso. S\u00f3 existe uma forma de evitar este v\u00edrus: isolamento social\u201d, enfatiza.<\/p>\n\n\n\n<p><strong>O que \u00e9 o coronav\u00edrus?<\/strong>Coronav\u00edrus s\u00e3o uma grande fam\u00edlia de v\u00edrus que causam infec\u00e7\u00f5es respirat\u00f3rias. O novo agente do coronav\u00edrus (COVID-19) foi descoberto em dezembro de 2019, na China. A doen\u00e7a pode causar infec\u00e7\u00f5es com sintomas inicialmente semelhantes aos resfriados ou gripes leves, mas com risco de se agravarem, podendo resultar em morte.<\/p>\n\n\n\n<p><strong>Como a COVID-19 \u00e9 transmitida?<\/strong>A transmiss\u00e3o dos coronav\u00edrus costuma ocorrer pelo ar ou por contato pessoal com secre\u00e7\u00f5es contaminadas, como got\u00edculas de saliva, espirro, tosse, catarro, contato pessoal pr\u00f3ximo, como toque ou aperto de m\u00e3o, contato com objetos ou superf\u00edcies contaminadas, seguido de contato com a boca, nariz ou olhos.<\/p>\n\n\n\n<p><strong>Como se prevenir?<\/strong>A recomenda\u00e7\u00e3o \u00e9 evitar aglomera\u00e7\u00f5es, ficar longe de quem apresenta sintomas de infec\u00e7\u00e3o respirat\u00f3ria, lavar as m\u00e3os com frequ\u00eancia, tossir com o antebra\u00e7o em frente \u00e0 boca e frequentemente fazer o uso de \u00e1gua e sab\u00e3o para lavar as m\u00e3os ou \u00e1lcool em gel ap\u00f3s ter contato com superf\u00edcies e pessoas. Em casa, tome cuidados extras contra a COVID-19.<\/p>\n\n\n\n<p><strong>Quais os sintomas do coronav\u00edrus?<\/strong>Confira os principais sintomas das pessoas infectadas pela COVID-19:FebreTosseFalta de ar e dificuldade para respirarProblemas g\u00e1stricosDiarr\u00e9ia<\/p>\n\n\n\n<p><strong>Em casos graves, as v\u00edtimas apresentam:<\/strong><\/p>\n\n\n\n<p>PneumoniaS\u00edndrome respirat\u00f3ria aguda severaInsufici\u00eancia renal<br><\/p>\n","protected":false},"excerpt":{"rendered":"<p>A Prefeitura de Monteiro, atrav\u00e9s da Secretaria de Sa\u00fade, informa que a partir desta ter\u00e7a-feira, dia 31, iniciar\u00e1 atrav\u00e9s dos Agentes de Endemias e Bombeiros&hellip; <\/p>\n","protected":false},"author":2,"featured_media":161197,"comment_status":"closed","ping_status":"closed","sticky":false,"template":"","format":"standard","meta":{"sfsi_plus_gutenberg_text_before_share":"","sfsi_plus_gutenberg_show_text_before_share":"","sfsi_plus_gutenberg_icon_type":"","sfsi_plus_gutenberg_icon_alignemt":"","sfsi_plus_gutenburg_max_per_row":"","footnotes":""},"categories":[6],"tags":[],"class_list":["post-161196","post","type-post","status-publish","format-standard","has-post-thumbnail","hentry","category-cidades"],"_links":{"self":[{"href":"https:\/\/www.caririemacao.com\/1\/wp-json\/wp\/v2\/posts\/161196","targetHints":{"allow":["GET"]}}],"collection":[{"href":"https:\/\/www.caririemacao.com\/1\/wp-json\/wp\/v2\/posts"}],"about":[{"href":"https:\/\/www.caririemacao.com\/1\/wp-json\/wp\/v2\/types\/post"}],"author":[{"embeddable":true,"href":"https:\/\/www.caririemacao.com\/1\/wp-json\/wp\/v2\/users\/2"}],"replies":[{"embeddable":true,"href":"https:\/\/www.caririemacao.com\/1\/wp-json\/wp\/v2\/comments?post=161196"}],"version-history":[{"count":1,"href":"https:\/\/www.caririemacao.com\/1\/wp-json\/wp\/v2\/posts\/161196\/revisions"}],"predecessor-version":[{"id":161198,"href":"https:\/\/www.caririemacao.com\/1\/wp-json\/wp\/v2\/posts\/161196\/revisions\/161198"}],"wp:featuredmedia":[{"embeddable":true,"href":"https:\/\/www.caririemacao.com\/1\/wp-json\/wp\/v2\/media\/161197"}],"wp:attachment":[{"href":"https:\/\/www.caririemacao.com\/1\/wp-json\/wp\/v2\/media?parent=161196"}],"wp:term":[{"taxonomy":"category","embeddable":true,"href":"https:\/\/www.caririemacao.com\/1\/wp-json\/wp\/v2\/categories?post=161196"},{"taxonomy":"post_tag","embeddable":true,"href":"https:\/\/www.caririemacao.com\/1\/wp-json\/wp\/v2\/tags?post=161196"}],"curies":[{"name":"wp","href":"https:\/\/api.w.org\/{rel}","templated":true}]}}