{"id":161203,"date":"2020-03-30T15:21:51","date_gmt":"2020-03-30T18:21:51","guid":{"rendered":"http:\/\/www.caririemacao.com\/1\/?p=161203"},"modified":"2020-03-30T15:21:54","modified_gmt":"2020-03-30T18:21:54","slug":"monteiro-prefeitura-antecipa-salario-dos-servidores","status":"publish","type":"post","link":"https:\/\/www.caririemacao.com\/1\/2020\/03\/30\/monteiro-prefeitura-antecipa-salario-dos-servidores\/","title":{"rendered":"Monteiro: Prefeitura antecipa sal\u00e1rio dos servidores"},"content":{"rendered":"\n<p>A Prefeitura de Monteiro, atrav\u00e9s da Secretaria de Finan\u00e7as, anunciou que a libera\u00e7\u00e3o do sal\u00e1rio referente ao m\u00eas de mar\u00e7o foi antecipado e acontecer\u00e1 na tarde desta segunda-feira, 30.<\/p>\n\n\n\n<p>Para evitar problemas com saques de dinheiro nas ag\u00eancias banc\u00e1rias, a folha de pessoal ser\u00e1 liberada integralmente para todo o funcionalismo da sa\u00fade, tendo em vista a adequa\u00e7\u00e3o dos bancos neste per\u00edodo de quarentena.<\/p>\n\n\n\n<p>A secret\u00e1ria de finan\u00e7as, Rosilda Henrique, informa que o cr\u00e9dito acontece ap\u00f3s as 15 horas e logo ap\u00f3s estar\u00e1 dispon\u00edvel para saque na ag\u00eancia do Bradesco e nos correspondentes.&nbsp;&nbsp;<\/p>\n","protected":false},"excerpt":{"rendered":"<p>A Prefeitura de Monteiro, atrav\u00e9s da Secretaria de Finan\u00e7as, anunciou que a libera\u00e7\u00e3o do sal\u00e1rio referente ao m\u00eas de mar\u00e7o foi antecipado e acontecer\u00e1 na&hellip; <\/p>\n","protected":false},"author":1,"featured_media":161204,"comment_status":"closed","ping_status":"closed","sticky":false,"template":"","format":"standard","meta":{"sfsi_plus_gutenberg_text_before_share":"","sfsi_plus_gutenberg_show_text_before_share":"","sfsi_plus_gutenberg_icon_type":"","sfsi_plus_gutenberg_icon_alignemt":"","sfsi_plus_gutenburg_max_per_row":"","footnotes":""},"categories":[6,50],"tags":[],"class_list":["post-161203","post","type-post","status-publish","format-standard","has-post-thumbnail","hentry","category-cidades","category-destaque"],"_links":{"self":[{"href":"https:\/\/www.caririemacao.com\/1\/wp-json\/wp\/v2\/posts\/161203","targetHints":{"allow":["GET"]}}],"collection":[{"href":"https:\/\/www.caririemacao.com\/1\/wp-json\/wp\/v2\/posts"}],"about":[{"href":"https:\/\/www.caririemacao.com\/1\/wp-json\/wp\/v2\/types\/post"}],"author":[{"embeddable":true,"href":"https:\/\/www.caririemacao.com\/1\/wp-json\/wp\/v2\/users\/1"}],"replies":[{"embeddable":true,"href":"https:\/\/www.caririemacao.com\/1\/wp-json\/wp\/v2\/comments?post=161203"}],"version-history":[{"count":1,"href":"https:\/\/www.caririemacao.com\/1\/wp-json\/wp\/v2\/posts\/161203\/revisions"}],"predecessor-version":[{"id":161205,"href":"https:\/\/www.caririemacao.com\/1\/wp-json\/wp\/v2\/posts\/161203\/revisions\/161205"}],"wp:featuredmedia":[{"embeddable":true,"href":"https:\/\/www.caririemacao.com\/1\/wp-json\/wp\/v2\/media\/161204"}],"wp:attachment":[{"href":"https:\/\/www.caririemacao.com\/1\/wp-json\/wp\/v2\/media?parent=161203"}],"wp:term":[{"taxonomy":"category","embeddable":true,"href":"https:\/\/www.caririemacao.com\/1\/wp-json\/wp\/v2\/categories?post=161203"},{"taxonomy":"post_tag","embeddable":true,"href":"https:\/\/www.caririemacao.com\/1\/wp-json\/wp\/v2\/tags?post=161203"}],"curies":[{"name":"wp","href":"https:\/\/api.w.org\/{rel}","templated":true}]}}