{"id":161206,"date":"2020-03-30T17:51:13","date_gmt":"2020-03-30T20:51:13","guid":{"rendered":"http:\/\/www.caririemacao.com\/1\/?p=161206"},"modified":"2020-03-30T17:51:14","modified_gmt":"2020-03-30T20:51:14","slug":"campina-grande-prefeito-planeja-reabertura-do-comercio-a-partir-do-dia-6-de-abril","status":"publish","type":"post","link":"https:\/\/www.caririemacao.com\/1\/2020\/03\/30\/campina-grande-prefeito-planeja-reabertura-do-comercio-a-partir-do-dia-6-de-abril\/","title":{"rendered":"Campina Grande: Prefeito planeja reabertura do com\u00e9rcio a partir do dia 6 de abril"},"content":{"rendered":"\n<p>O prefeito de Campina Grande, Romero Rodrigues, anunciou nesta segunda-feira (30), uma cartilha que visa a retomada gradativa das atividades econ\u00f4micas no munic\u00edpio, a partir do pr\u00f3ximo dia 6 de abril.<\/p>\n\n\n\n<p>O documento estabelece uma s\u00e9rie de condi\u00e7\u00f5es r\u00edgidas para os segmentos produtivos voltarem a funcionar, neste momento em que as a\u00e7\u00f5es de preven\u00e7\u00e3o e controle da Covid-19 mant\u00e9m-se por for\u00e7a de decreto municipal.<\/p>\n\n\n\n<p>A vig\u00eancia ou n\u00e3o do plano ser\u00e1 decidida numa reuni\u00e3o, por videoconfer\u00eancia, a ser promovida na pr\u00f3xima sexta-feira, 3, pelo prefeito Romero Rodrigues com representantes do com\u00e9rcio, servi\u00e7os e ind\u00fastria. Participar\u00e3o tamb\u00e9m o Minist\u00e9rio P\u00fablico Estadual e o Minist\u00e9rio P\u00fablico do Trabalho.<\/p>\n\n\n\n<p>Um ponto principal da cartilha, desenvolvida pela Secretaria Municipal de Desenvolvimento Econ\u00f4mico: a libera\u00e7\u00e3o das atividades est\u00e1 condicionada \u00e0 situa\u00e7\u00e3o de controle epidemiol\u00f3gico, conforme indica\u00e7\u00f5es do Minist\u00e9rio da Sa\u00fade e Secretaria de Sa\u00fade do Munic\u00edpio.<\/p>\n\n\n\n<p>A Secretaria Municipal de Sa\u00fade, atrav\u00e9s da Diretoria de Vigil\u00e2ncia \u00e0 Sa\u00fade e \u00e0 Gevisa, al\u00e9m do Procon-CG, integram o n\u00facleo de fiscaliza\u00e7\u00e3o desta nova fase. A Pol\u00edcia Militar e o Corpo de Bombeiros tamb\u00e9m participam da for\u00e7a-tarefa.<\/p>\n\n\n\n<p>Com base em decreto municipal que entrou em vigor no dia 27 de mar\u00e7o, j\u00e1 est\u00e3o em atividade, entre outros, as empresas dos setores considerados essenciais, a exemplo de farm\u00e1cias e supermercados, postos de combustiveis e outros. Acontece, ainda, o funcionamento das lojas de materiais de constru\u00e7\u00e3o e oficinas mec\u00e2nicas e de pe\u00e7as. No caso das lojas de constru\u00e7\u00e3o e oficinas, o atendimento ao p\u00fablico no hor\u00e1rios das 8h \u00e0s 14h.<\/p>\n\n\n\n<p>Conforme o plano estrat\u00e9gico, a previs\u00e3o \u00e9 que, a partir de 6 de abril, das 10h \u00e0s 16h, aconte\u00e7a a abertura, gradativa e sob condi\u00e7\u00f5es, do com\u00e9rcio e setor de servi\u00e7os. Por\u00e9m, a exce\u00e7\u00e3o ainda s\u00e3o os shopping centers e galerias comerciais, escolas p\u00fablicas e particulares, academias de pr\u00e1ticas de exerc\u00edcios f\u00edsicos instaladas em ambientes fechados, al\u00e9m de templos religiosos, barbearias e sal\u00f5es de beleza.<\/p>\n\n\n\n<p>Ficam autorizadas totalmente a partir do dia 6 de abril os servi\u00e7os aut\u00f4nomos, dom\u00e9sticos e os prestados por profissionais liberais.<\/p>\n\n\n\n<p>Tamb\u00e9m de acordo com o plano, poder\u00e1 acontecer a reabertura de shopping centers e galerias, comerciais, barbearias e sal\u00f5es de beleza, no dia 13 de abril, mas com hor\u00e1rio reduzido entre 12 e 20h.<\/p>\n\n\n\n<p>Permanecem em an\u00e1lise, contudo, os casos de escolas p\u00fablicas e particulares, academias de pr\u00e1ticas de exerc\u00edcios f\u00edsicos instaladas em ambientes fechados, atividades religiosas e eventos, de modo geral.<\/p>\n\n\n\n<p><em>Mais PB<\/em><\/p>\n","protected":false},"excerpt":{"rendered":"<p>O prefeito de Campina Grande, Romero Rodrigues, anunciou nesta segunda-feira (30), uma cartilha que visa a retomada gradativa das atividades econ\u00f4micas no munic\u00edpio, a partir&hellip; <\/p>\n","protected":false},"author":1,"featured_media":161207,"comment_status":"closed","ping_status":"closed","sticky":false,"template":"","format":"standard","meta":{"sfsi_plus_gutenberg_text_before_share":"","sfsi_plus_gutenberg_show_text_before_share":"","sfsi_plus_gutenberg_icon_type":"","sfsi_plus_gutenberg_icon_alignemt":"","sfsi_plus_gutenburg_max_per_row":"","footnotes":""},"categories":[6,50],"tags":[],"class_list":["post-161206","post","type-post","status-publish","format-standard","has-post-thumbnail","hentry","category-cidades","category-destaque"],"_links":{"self":[{"href":"https:\/\/www.caririemacao.com\/1\/wp-json\/wp\/v2\/posts\/161206","targetHints":{"allow":["GET"]}}],"collection":[{"href":"https:\/\/www.caririemacao.com\/1\/wp-json\/wp\/v2\/posts"}],"about":[{"href":"https:\/\/www.caririemacao.com\/1\/wp-json\/wp\/v2\/types\/post"}],"author":[{"embeddable":true,"href":"https:\/\/www.caririemacao.com\/1\/wp-json\/wp\/v2\/users\/1"}],"replies":[{"embeddable":true,"href":"https:\/\/www.caririemacao.com\/1\/wp-json\/wp\/v2\/comments?post=161206"}],"version-history":[{"count":1,"href":"https:\/\/www.caririemacao.com\/1\/wp-json\/wp\/v2\/posts\/161206\/revisions"}],"predecessor-version":[{"id":161208,"href":"https:\/\/www.caririemacao.com\/1\/wp-json\/wp\/v2\/posts\/161206\/revisions\/161208"}],"wp:featuredmedia":[{"embeddable":true,"href":"https:\/\/www.caririemacao.com\/1\/wp-json\/wp\/v2\/media\/161207"}],"wp:attachment":[{"href":"https:\/\/www.caririemacao.com\/1\/wp-json\/wp\/v2\/media?parent=161206"}],"wp:term":[{"taxonomy":"category","embeddable":true,"href":"https:\/\/www.caririemacao.com\/1\/wp-json\/wp\/v2\/categories?post=161206"},{"taxonomy":"post_tag","embeddable":true,"href":"https:\/\/www.caririemacao.com\/1\/wp-json\/wp\/v2\/tags?post=161206"}],"curies":[{"name":"wp","href":"https:\/\/api.w.org\/{rel}","templated":true}]}}