{"id":161212,"date":"2020-03-31T06:29:58","date_gmt":"2020-03-31T09:29:58","guid":{"rendered":"http:\/\/www.caririemacao.com\/1\/?p=161212"},"modified":"2020-03-31T06:29:59","modified_gmt":"2020-03-31T09:29:59","slug":"correios-retiram-adicionais-no-salario-de-trabalhador-em-quarentena","status":"publish","type":"post","link":"https:\/\/www.caririemacao.com\/1\/2020\/03\/31\/correios-retiram-adicionais-no-salario-de-trabalhador-em-quarentena\/","title":{"rendered":"Correios retiram adicionais no sal\u00e1rio de trabalhador em quarentena"},"content":{"rendered":"\n<p>Ap\u00f3s o presidente Jair Bolsonaro (sem partido) defender regras mais frouxas para isolamento contra o coronav\u00edrus, os Correios passaram a descontar parte da remunera\u00e7\u00e3o de funcion\u00e1rios que est\u00e3o em quarentena.<\/p>\n\n\n\n<p>O corte adotado na estatal vale mesmo para empregados do grupo de risco para cont\u00e1gio da Covid-19.<\/p>\n\n\n\n<p>Na ter\u00e7a-feira passada (24), Bolsonaro passou a defender publicamente a \u201cvolta \u00e0 normalidade\u201d, o fim do confinamento em massa e a reabertura do com\u00e9rcio e escolas.<\/p>\n\n\n\n<p>Para ele, apenas pessoas acima de 60 anos ou com doen\u00e7as que agravam o quadro cl\u00ednico em caso de infec\u00e7\u00e3o devem se isolar.<\/p>\n\n\n\n<p>Um dia depois, a c\u00fapula dos Correios baixou uma norma suspendendo adicionais, como distribui\u00e7\u00e3o de encomendas, e o vale-transporte de trabalhadores que est\u00e3o afastados por causa da pandemia.<\/p>\n\n\n\n<p>A estatal \u00e9 presidida pelo general Floriano Peixoto Vieira Neto, que assumiu o cargo em junho do ano passado e j\u00e1 ocupou a Secretaria-Geral da Presid\u00eancia da Rep\u00fablica. O general da reserva foi indicado para o comando dos Correios pelo presidente Bolsonaro.<\/p>\n\n\n\n<p>A empresa p\u00fablica , que tem cerca de 100 mil funcion\u00e1rios, afirma que o teletrabalho est\u00e1 autorizado para empregados classificados em grupos de risco, de acordo com orienta\u00e7\u00e3o da OMS (Organiza\u00e7\u00e3o Mundial da Sa\u00fade), ou que moram com algu\u00e9m acima de 60 anos ou com asma, press\u00e3o alta e diabetes, por exemplo.<\/p>\n\n\n\n<p>Em caso de suspeita de contamina\u00e7\u00e3o e de sintomas da doen\u00e7a, o funcion\u00e1rio dos Correios pode se afastar imediatamente. Quem teve contato com o caso suspeito tamb\u00e9m pode pedir afastamento.<\/p>\n\n\n\n<p>Mas algumas fun\u00e7\u00f5es da estatal n\u00e3o permitem trabalho remoto. Carteiros e atendentes de guich\u00eas de ag\u00eancias, por exemplo, perdem mais de 30% da remunera\u00e7\u00e3o ao entrar em quarentena.<\/p>\n\n\n\n<p>Esse corte \u00e9 provocado pela suspens\u00e3o dos adicionais de atividades em distribui\u00e7\u00e3o ou coleta externa (atividade postal) e em atendimento em guich\u00ea. O extra por trabalho aos fins de semana tamb\u00e9m foi retirado.<\/p>\n\n\n\n<p>\u201cOs Correios seguem rigorosamente a legisla\u00e7\u00e3o brasileira em todas as circunst\u00e2ncias\u201d, afirma a empresa. \u201cA estatal presta servi\u00e7o essencial \u00e0 popula\u00e7\u00e3o e, tamb\u00e9m por isso, necessita se manter em opera\u00e7\u00e3o, dentro da realidade que o momento atual enseja\u201d, diz.<\/p>\n\n\n\n<p>Entidades que representam os trabalhadores dos Correios, ent\u00e3o, t\u00eam recorrido \u00e0 Justi\u00e7a para evitar preju\u00edzos a quem est\u00e1 afastado e n\u00e3o consegue se enquadrar na modalidade de teletrabalho. Tamb\u00e9m pedem que a estatal cumpra a promessa de fornecer material de preven\u00e7\u00e3o ao coronav\u00edrus.<\/p>\n\n\n\n<p>Funcion\u00e1rios reclamam da falta de m\u00e1scaras e \u00e1lcool em gel, inclusive para empregados da \u00e1rea de distribui\u00e7\u00e3o e que ficam expostos \u00e0 contamina\u00e7\u00e3o.<\/p>\n\n\n\n<p>A 39\u00aa Vara do Trabalho de Salvador (BA) j\u00e1 determinou a distribui\u00e7\u00e3o de kits de preven\u00e7\u00e3o aos empregados dos Correios na Bahia.<\/p>\n\n\n\n<p>A estatal diz que \u201ctodas as medidas judiciais continuar\u00e3o a ser cumpridas integralmente\u201d.<\/p>\n\n\n\n<p>\u201cA empresa n\u00e3o fornece as condi\u00e7\u00f5es m\u00ednimas de trabalho. Corta os sal\u00e1rios de quem est\u00e1 afastado e se recusa a dialogar com os trabalhadores\u201d, disse Jos\u00e9 Gandara, presidente da Findect (Federa\u00e7\u00e3o Interestadual dos Sindicatos dos Trabalhadores dos Correios), que re\u00fane entidades de S\u00e3o Paulo, Rio de Janeiro, Tocantins e Maranh\u00e3o.<\/p>\n\n\n\n<p>A falta de disposi\u00e7\u00e3o a negociar tamb\u00e9m \u00e9 apontada por Jos\u00e9 Rivaldo da Silva, secret\u00e1rio-geral da Fentect (Federa\u00e7\u00e3o Nacional dos Trabalhadores em Empresas de Correios e Tel\u00e9grafos).<\/p>\n\n\n\n<p>\u201cO que est\u00e1 acontecendo no pa\u00eds \u00e9 algo inesperado. Ningu\u00e9m quer ser infectado pelo coronav\u00edrus. Numa pandemia dessas, o grupo de risco n\u00e3o poderia ter queda de remunera\u00e7\u00e3o assim\u201d, diz Silva.<\/p>\n\n\n\n<p>No Banco do Brasil e na Caixa, as medidas de preven\u00e7\u00e3o ao coronav\u00edrus s\u00e3o semelhantes \u00e0s a\u00e7\u00f5es adotadas por bancos privados, pois a negocia\u00e7\u00e3o foi feita para toda a categoria.<\/p>\n\n\n\n<p>O Banco do Brasil afirma que todo o grupo de risco foi deslocado para teletrabalho e sem redu\u00e7\u00e3o de quaisquer benef\u00edcios dos funcion\u00e1rios.<\/p>\n\n\n\n<p>O mesmo vale para quem mora com pessoa com necessidade de cuidados especiais intensivos.<\/p>\n\n\n\n<p>No entanto, ap\u00f3s mensagem do presidente da estatal, Rubem Novaes, revelada pela Folha de S. Paulo, empregados do banco passaram a temer por uma mudan\u00e7a nas regras.<\/p>\n\n\n\n<p>\u201cMuita bobagem \u00e9 feita e dita, inclusive por economistas, por julgarem que a vida tem valor infinito. O v\u00edrus tem de ser balanceado com a atividade econ\u00f4mica\u201d, afirma o executivo em aplicativo de mensagens.<\/p>\n\n\n\n<p>Questionado, o Banco do Brasil declarou que manter\u00e1 todas as medidas necess\u00e1rias para preservar a sa\u00fade de seus funcion\u00e1rios e o funcionamento de atividades indispens\u00e1veis \u00e0 popula\u00e7\u00e3o.<\/p>\n","protected":false},"excerpt":{"rendered":"<p>Ap\u00f3s o presidente Jair Bolsonaro (sem partido) defender regras mais frouxas para isolamento contra o coronav\u00edrus, os Correios passaram a descontar parte da remunera\u00e7\u00e3o de&hellip; <\/p>\n","protected":false},"author":2,"featured_media":151493,"comment_status":"closed","ping_status":"closed","sticky":false,"template":"","format":"standard","meta":{"sfsi_plus_gutenberg_text_before_share":"","sfsi_plus_gutenberg_show_text_before_share":"","sfsi_plus_gutenberg_icon_type":"","sfsi_plus_gutenberg_icon_alignemt":"","sfsi_plus_gutenburg_max_per_row":"","footnotes":""},"categories":[2],"tags":[],"class_list":["post-161212","post","type-post","status-publish","format-standard","has-post-thumbnail","hentry","category-geral"],"_links":{"self":[{"href":"https:\/\/www.caririemacao.com\/1\/wp-json\/wp\/v2\/posts\/161212","targetHints":{"allow":["GET"]}}],"collection":[{"href":"https:\/\/www.caririemacao.com\/1\/wp-json\/wp\/v2\/posts"}],"about":[{"href":"https:\/\/www.caririemacao.com\/1\/wp-json\/wp\/v2\/types\/post"}],"author":[{"embeddable":true,"href":"https:\/\/www.caririemacao.com\/1\/wp-json\/wp\/v2\/users\/2"}],"replies":[{"embeddable":true,"href":"https:\/\/www.caririemacao.com\/1\/wp-json\/wp\/v2\/comments?post=161212"}],"version-history":[{"count":1,"href":"https:\/\/www.caririemacao.com\/1\/wp-json\/wp\/v2\/posts\/161212\/revisions"}],"predecessor-version":[{"id":161213,"href":"https:\/\/www.caririemacao.com\/1\/wp-json\/wp\/v2\/posts\/161212\/revisions\/161213"}],"wp:featuredmedia":[{"embeddable":true,"href":"https:\/\/www.caririemacao.com\/1\/wp-json\/wp\/v2\/media\/151493"}],"wp:attachment":[{"href":"https:\/\/www.caririemacao.com\/1\/wp-json\/wp\/v2\/media?parent=161212"}],"wp:term":[{"taxonomy":"category","embeddable":true,"href":"https:\/\/www.caririemacao.com\/1\/wp-json\/wp\/v2\/categories?post=161212"},{"taxonomy":"post_tag","embeddable":true,"href":"https:\/\/www.caririemacao.com\/1\/wp-json\/wp\/v2\/tags?post=161212"}],"curies":[{"name":"wp","href":"https:\/\/api.w.org\/{rel}","templated":true}]}}