{"id":161216,"date":"2020-03-31T06:31:25","date_gmt":"2020-03-31T09:31:25","guid":{"rendered":"http:\/\/www.caririemacao.com\/1\/?p=161216"},"modified":"2020-03-31T06:31:27","modified_gmt":"2020-03-31T09:31:27","slug":"senado-aprova-voucher-para-trabalhadores-autonomos-e-informais","status":"publish","type":"post","link":"https:\/\/www.caririemacao.com\/1\/2020\/03\/31\/senado-aprova-voucher-para-trabalhadores-autonomos-e-informais\/","title":{"rendered":"Senado aprova \u201cvoucher\u201d para trabalhadores aut\u00f4nomos e informais"},"content":{"rendered":"\n<p>O Senado aprovou nesta segunda-feira, 30, o pagamento de um aux\u00edlio emergencial por tr\u00eas meses, no valor de R$ 600, destinado aos trabalhadores aut\u00f4nomos, informais e sem renda fixa.<\/p>\n\n\n\n<p>Chamada de \u201ccoronavoucher\u201d, a ajuda vem para reparar as perdas de renda para algumas fatias da sociedade durante o per\u00edodo de isolamento, quando as oportunidades de trabalho para essas categorias est\u00e3o escassas.<\/p>\n\n\n\n<p>A aprova\u00e7\u00e3o foi un\u00e2nime, com 79 votos favor\u00e1veis e apoio dos senadores da oposi\u00e7\u00e3o e do governo.<\/p>\n\n\n\n<p>O l\u00edder do PSL no Senado, Major Ol\u00edmpio (SP), foi um dos v\u00e1rios parlamentares que se manifestaram.<\/p>\n\n\n\n<p>\u201cEstamos precisando de tais iniciativas de injetar na veia o dinheiro para o cidad\u00e3o comprar comida e sobreviver a essa calamidade. A primeira vez que o dinheiro vai chegar na m\u00e3o do povo vai ser nesse projeto. \u00c9 calamidade, as pessoas est\u00e3o precisando\u201d, disse.<\/p>\n\n\n\n<p><strong>Tramita\u00e7\u00e3o<\/strong><\/p>\n\n\n\n<p>O plen\u00e1rio da C\u00e2mara dos Deputados havia aprovado no \u00faltimo dia 26 o pagamento do aux\u00edlio emergencial por tr\u00eas meses, no valor de R$ 600. Inicialmente, o valor proposto pela C\u00e2mara era de R$ 500.<\/p>\n\n\n\n<p>Ap\u00f3s negocia\u00e7\u00f5es com o l\u00edder do governo, deputado Vitor Hugo (PSL-GO), o governo federal decidiu aumentar para R$ 600.<\/p>\n\n\n\n<p>Em transmiss\u00e3o ao vivo pela internet no dia 25, o presidente Jair Bolsonaro destacou que o aux\u00edlio \u00e9 voltado aos trabalhadores informais (sem carteira assinada), \u00e0s pessoas sem assist\u00eancia social e \u00e0 popula\u00e7\u00e3o que desistiu de procurar emprego.<\/p>\n\n\n\n<p>A medida \u00e9 uma forma de amparar as camadas mais vulner\u00e1veis \u00e0 crise econ\u00f4mica causada pela dissemina\u00e7\u00e3o da Covid-19 no Brasil, e o aux\u00edlio ser\u00e1 distribu\u00eddo por meio de vouchers (cupons).<\/p>\n\n\n\n<p><strong>Consenso<\/strong><\/p>\n\n\n\n<p>Ap\u00f3s a aprova\u00e7\u00e3o, o senador Chico Rodrigues (DEM-RR) destacou que o projeto \u00e9 um consenso entre Congresso Nacional e governo federal. J\u00e1 o l\u00edder do governo na Casa, Fernando Bezerra (MDB-PE), afirmou que mais de 30 milh\u00f5es de brasileiros ser\u00e3o beneficiados com essa medida.<\/p>\n\n\n\n<p>O senador Randolfe Rodrigues (Rede-AP) disse que, gra\u00e7as a um ajuste de reda\u00e7\u00e3o, o benef\u00edcio tamb\u00e9m contemplar\u00e1 inscritos no Cadastro \u00danico ap\u00f3s o dia 20 de mar\u00e7o. Em seguida, o l\u00edder da oposi\u00e7\u00e3o afirmou que esse n\u00e3o \u00e9 o momento de priorizar as finan\u00e7as do Estado.<\/p>\n\n\n\n<p>\u201cN\u00e3o cabe se pensar em gasto p\u00fablico. Esse \u00e9 um momento emergencial, que temos que atender as necessidades das pessoas\u201d, afirmou.<\/p>\n\n\n\n<p>Logo ap\u00f3s a aprova\u00e7\u00e3o, o presidente do Senado, Davi Alcolumbre, usou o Twitter para pedir ao presidente da Rep\u00fablica a san\u00e7\u00e3o imediata do projeto.<\/p>\n\n\n\n<p>Alcolumbre est\u00e1 afastado de suas atividades ap\u00f3s ter sido diagnosticado com o novo coronav\u00edrus.<\/p>\n\n\n\n<p><strong>Inclus\u00e3o de outras categorias<\/strong><\/p>\n\n\n\n<p>Outro projeto j\u00e1 ganha forma no Senado, para incluir outras categorias, como motoristas de t\u00e1xi ou de aplicativo e pescadores sazonais, dentre outros a serem definidos.<\/p>\n\n\n\n<p>Weverton Rocha (PDT-MA) lembrou dos m\u00fasicos, que perderam trabalhos durante o isolamento. Essa pode ser outra categoria a entrar no novo projeto.<\/p>\n\n\n\n<p>Esse texto, previsto para ser votado nesta ter\u00e7a-feira, 31, ser\u00e1 de autoria do senador Alessandro Vieira (Cidadania-SE) e tem relatoria de Esperidi\u00e3o Amin (PP-SC).<\/p>\n\n\n\n<p>Vieira foi o relator do projeto aprovado hoje.<\/p>\n\n\n\n<p>Seu nome foi escolhido justamente por conhecer bem o tema e j\u00e1 discutir a inclus\u00e3o de novas categorias a partir das emendas que recebeu para an\u00e1lise. As emendas n\u00e3o foram acatadas para evitar que mudan\u00e7as de m\u00e9rito do projeto o fizessem voltar \u00e0 C\u00e2mara.<\/p>\n","protected":false},"excerpt":{"rendered":"<p>O Senado aprovou nesta segunda-feira, 30, o pagamento de um aux\u00edlio emergencial por tr\u00eas meses, no valor de R$ 600, destinado aos trabalhadores aut\u00f4nomos, informais&hellip; <\/p>\n","protected":false},"author":2,"featured_media":160094,"comment_status":"closed","ping_status":"closed","sticky":false,"template":"","format":"standard","meta":{"sfsi_plus_gutenberg_text_before_share":"","sfsi_plus_gutenberg_show_text_before_share":"","sfsi_plus_gutenberg_icon_type":"","sfsi_plus_gutenberg_icon_alignemt":"","sfsi_plus_gutenburg_max_per_row":"","footnotes":""},"categories":[2],"tags":[],"class_list":["post-161216","post","type-post","status-publish","format-standard","has-post-thumbnail","hentry","category-geral"],"_links":{"self":[{"href":"https:\/\/www.caririemacao.com\/1\/wp-json\/wp\/v2\/posts\/161216","targetHints":{"allow":["GET"]}}],"collection":[{"href":"https:\/\/www.caririemacao.com\/1\/wp-json\/wp\/v2\/posts"}],"about":[{"href":"https:\/\/www.caririemacao.com\/1\/wp-json\/wp\/v2\/types\/post"}],"author":[{"embeddable":true,"href":"https:\/\/www.caririemacao.com\/1\/wp-json\/wp\/v2\/users\/2"}],"replies":[{"embeddable":true,"href":"https:\/\/www.caririemacao.com\/1\/wp-json\/wp\/v2\/comments?post=161216"}],"version-history":[{"count":1,"href":"https:\/\/www.caririemacao.com\/1\/wp-json\/wp\/v2\/posts\/161216\/revisions"}],"predecessor-version":[{"id":161217,"href":"https:\/\/www.caririemacao.com\/1\/wp-json\/wp\/v2\/posts\/161216\/revisions\/161217"}],"wp:featuredmedia":[{"embeddable":true,"href":"https:\/\/www.caririemacao.com\/1\/wp-json\/wp\/v2\/media\/160094"}],"wp:attachment":[{"href":"https:\/\/www.caririemacao.com\/1\/wp-json\/wp\/v2\/media?parent=161216"}],"wp:term":[{"taxonomy":"category","embeddable":true,"href":"https:\/\/www.caririemacao.com\/1\/wp-json\/wp\/v2\/categories?post=161216"},{"taxonomy":"post_tag","embeddable":true,"href":"https:\/\/www.caririemacao.com\/1\/wp-json\/wp\/v2\/tags?post=161216"}],"curies":[{"name":"wp","href":"https:\/\/api.w.org\/{rel}","templated":true}]}}