{"id":161219,"date":"2020-03-31T06:33:21","date_gmt":"2020-03-31T09:33:21","guid":{"rendered":"http:\/\/www.caririemacao.com\/1\/?p=161219"},"modified":"2020-03-31T06:33:22","modified_gmt":"2020-03-31T09:33:22","slug":"mais-dois-casos-de-coronavirus-sao-confirmados-na-paraiba","status":"publish","type":"post","link":"https:\/\/www.caririemacao.com\/1\/2020\/03\/31\/mais-dois-casos-de-coronavirus-sao-confirmados-na-paraiba\/","title":{"rendered":"Mais dois casos de coronav\u00edrus s\u00e3o confirmados na Para\u00edba"},"content":{"rendered":"\n<p>O secret\u00e1rio estadual de Sa\u00fade, Geraldo Medeiros, confirmou no final da tarde desta segunda-feira, 30, mais dois casos de pessoas contaminadas pelo novo coronav\u00edrus no estado da Para\u00edba.<\/p>\n\n\n\n<p>Um paciente est\u00e1 internado na UTI (Unidade de Tratamento Intensivo) do Hospital Clementino Fraga, em Jo\u00e3o Pessoa.<\/p>\n\n\n\n<p>J\u00e1 o outro, tamb\u00e9m em Jo\u00e3o Pessoa, est\u00e1 em isolamento domiciliar.<\/p>\n\n\n\n<p>Com as confirma\u00e7\u00f5es, o n\u00famero de casos na Para\u00edba chega a 17.<\/p>\n","protected":false},"excerpt":{"rendered":"<p>O secret\u00e1rio estadual de Sa\u00fade, Geraldo Medeiros, confirmou no final da tarde desta segunda-feira, 30, mais dois casos de pessoas contaminadas pelo novo coronav\u00edrus no&hellip; <\/p>\n","protected":false},"author":2,"featured_media":160581,"comment_status":"closed","ping_status":"closed","sticky":false,"template":"","format":"standard","meta":{"sfsi_plus_gutenberg_text_before_share":"","sfsi_plus_gutenberg_show_text_before_share":"","sfsi_plus_gutenberg_icon_type":"","sfsi_plus_gutenberg_icon_alignemt":"","sfsi_plus_gutenburg_max_per_row":"","footnotes":""},"categories":[50,16],"tags":[],"class_list":["post-161219","post","type-post","status-publish","format-standard","has-post-thumbnail","hentry","category-destaque","category-saude"],"_links":{"self":[{"href":"https:\/\/www.caririemacao.com\/1\/wp-json\/wp\/v2\/posts\/161219","targetHints":{"allow":["GET"]}}],"collection":[{"href":"https:\/\/www.caririemacao.com\/1\/wp-json\/wp\/v2\/posts"}],"about":[{"href":"https:\/\/www.caririemacao.com\/1\/wp-json\/wp\/v2\/types\/post"}],"author":[{"embeddable":true,"href":"https:\/\/www.caririemacao.com\/1\/wp-json\/wp\/v2\/users\/2"}],"replies":[{"embeddable":true,"href":"https:\/\/www.caririemacao.com\/1\/wp-json\/wp\/v2\/comments?post=161219"}],"version-history":[{"count":1,"href":"https:\/\/www.caririemacao.com\/1\/wp-json\/wp\/v2\/posts\/161219\/revisions"}],"predecessor-version":[{"id":161220,"href":"https:\/\/www.caririemacao.com\/1\/wp-json\/wp\/v2\/posts\/161219\/revisions\/161220"}],"wp:featuredmedia":[{"embeddable":true,"href":"https:\/\/www.caririemacao.com\/1\/wp-json\/wp\/v2\/media\/160581"}],"wp:attachment":[{"href":"https:\/\/www.caririemacao.com\/1\/wp-json\/wp\/v2\/media?parent=161219"}],"wp:term":[{"taxonomy":"category","embeddable":true,"href":"https:\/\/www.caririemacao.com\/1\/wp-json\/wp\/v2\/categories?post=161219"},{"taxonomy":"post_tag","embeddable":true,"href":"https:\/\/www.caririemacao.com\/1\/wp-json\/wp\/v2\/tags?post=161219"}],"curies":[{"name":"wp","href":"https:\/\/api.w.org\/{rel}","templated":true}]}}