{"id":161227,"date":"2020-03-31T06:40:49","date_gmt":"2020-03-31T09:40:49","guid":{"rendered":"http:\/\/www.caririemacao.com\/1\/?p=161227"},"modified":"2020-03-31T06:40:51","modified_gmt":"2020-03-31T09:40:51","slug":"outra-rede-social-retira-post-do-presidente-bolsonaro","status":"publish","type":"post","link":"https:\/\/www.caririemacao.com\/1\/2020\/03\/31\/outra-rede-social-retira-post-do-presidente-bolsonaro\/","title":{"rendered":"Outra rede social retira post do presidente Bolsonaro"},"content":{"rendered":"\n<p>Ap\u00f3s o Twitter, o Facebook tamb\u00e9m decidiu, nesta segunda-feira (30), apagar publica\u00e7\u00e3o do presidente Jair Bolsonaro de suas plataformas, por entender que ela cria \u201cdesinforma\u00e7\u00e3o\u201d que pode \u201ccausar danos reais \u00e0s pessoas\u201d.Me d\u00favida<\/p>\n\n\n\n<p>A publica\u00e7\u00e3o \u00e9 de um dos v\u00eddeos do passeio que o presidente fez no Distrito Federal neste domingo (29), criando aglomera\u00e7\u00e3o e contrariando seu pr\u00f3prio ministro da Sa\u00fade, Luiz Henrique Mandetta, que recomendou que as pessoas ficassem em casa como medida de enfrentamento ao coronav\u00edrus.<\/p>\n\n\n\n<p>O v\u00eddeo tamb\u00e9m foi apagado do Instagram, rede social que pertence ao Facebook. \u201cRemovemos conte\u00fado no Facebook e Instagram que viole nossos Padr\u00f5es da Comunidade, que n\u00e3o permitem desinforma\u00e7\u00e3o que possa causar danos reais \u00e0s pessoas\u201d, diz a empresa em nota.<\/p>\n\n\n\n<p>Neste domingo, duas postagens feitas por Jair Bolsonaro foram apagadas do Twitter. A empresa considerou que as postagens violavam as regras de uso ao potencialmente colocar as pessoas em maior risco de transmitir o novo coronav\u00edrus.<\/p>\n\n\n\n<p>Foi a primeira vez que a rede social apagou postagens do presidente do Brasil.<\/p>\n\n\n\n<p>A companhia tamb\u00e9m apagou um post do ditador da Venezuela, Nicol\u00e1s Maduro.<\/p>\n","protected":false},"excerpt":{"rendered":"<p>Ap\u00f3s o Twitter, o Facebook tamb\u00e9m decidiu, nesta segunda-feira (30), apagar publica\u00e7\u00e3o do presidente Jair Bolsonaro de suas plataformas, por entender que ela cria \u201cdesinforma\u00e7\u00e3o\u201d&hellip; <\/p>\n","protected":false},"author":2,"featured_media":160676,"comment_status":"closed","ping_status":"closed","sticky":false,"template":"","format":"standard","meta":{"sfsi_plus_gutenberg_text_before_share":"","sfsi_plus_gutenberg_show_text_before_share":"","sfsi_plus_gutenberg_icon_type":"","sfsi_plus_gutenberg_icon_alignemt":"","sfsi_plus_gutenburg_max_per_row":"","footnotes":""},"categories":[50,11],"tags":[],"class_list":["post-161227","post","type-post","status-publish","format-standard","has-post-thumbnail","hentry","category-destaque","category-politica"],"_links":{"self":[{"href":"https:\/\/www.caririemacao.com\/1\/wp-json\/wp\/v2\/posts\/161227","targetHints":{"allow":["GET"]}}],"collection":[{"href":"https:\/\/www.caririemacao.com\/1\/wp-json\/wp\/v2\/posts"}],"about":[{"href":"https:\/\/www.caririemacao.com\/1\/wp-json\/wp\/v2\/types\/post"}],"author":[{"embeddable":true,"href":"https:\/\/www.caririemacao.com\/1\/wp-json\/wp\/v2\/users\/2"}],"replies":[{"embeddable":true,"href":"https:\/\/www.caririemacao.com\/1\/wp-json\/wp\/v2\/comments?post=161227"}],"version-history":[{"count":1,"href":"https:\/\/www.caririemacao.com\/1\/wp-json\/wp\/v2\/posts\/161227\/revisions"}],"predecessor-version":[{"id":161228,"href":"https:\/\/www.caririemacao.com\/1\/wp-json\/wp\/v2\/posts\/161227\/revisions\/161228"}],"wp:featuredmedia":[{"embeddable":true,"href":"https:\/\/www.caririemacao.com\/1\/wp-json\/wp\/v2\/media\/160676"}],"wp:attachment":[{"href":"https:\/\/www.caririemacao.com\/1\/wp-json\/wp\/v2\/media?parent=161227"}],"wp:term":[{"taxonomy":"category","embeddable":true,"href":"https:\/\/www.caririemacao.com\/1\/wp-json\/wp\/v2\/categories?post=161227"},{"taxonomy":"post_tag","embeddable":true,"href":"https:\/\/www.caririemacao.com\/1\/wp-json\/wp\/v2\/tags?post=161227"}],"curies":[{"name":"wp","href":"https:\/\/api.w.org\/{rel}","templated":true}]}}